{"id":6225,"date":"2018-09-05T11:52:45","date_gmt":"2018-09-05T14:52:45","guid":{"rendered":"https:\/\/ufpr.br\/processos-seletivos-mestrado-em-engenharia-ambiental-para-2019"},"modified":"2025-12-01T10:05:44","modified_gmt":"2025-12-01T13:05:44","slug":"processos-seletivos-mestrado-em-engenharia-ambiental-para-2019","status":"publish","type":"post","link":"https:\/\/ufpr.br\/propg\/processos-seletivos-mestrado-em-engenharia-ambiental-para-2019\/","title":{"rendered":"[Processos Seletivos] Mestrado em Engenharia Ambiental para 2019"},"content":{"rendered":"\n<p>O Programa de P\u00f3s-Gradua\u00e7\u00e3o em Engenharia Ambiental disponibiliza edital de processo seletivo para Mestrado em 2019.<\/p>\n\n\n\n<p>Confira:\u00a0<a href=\"https:\/\/www.prppg.ufpr.br\/site\/ppgea\">https:\/\/www.prppg.ufpr.br\/site\/ppgea<\/a><\/p>\n","protected":false},"excerpt":{"rendered":"<p>O Programa de P\u00f3s-Gradua\u00e7\u00e3o em Engenharia Ambiental disponibiliza edital de processo seletivo para Mestrado em 2019. Confira:\u00a0https:\/\/www.prppg.ufpr.br\/site\/ppgea<\/p>\n","protected":false},"author":18,"featured_media":0,"comment_status":"open","ping_status":"open","sticky":false,"template":"","format":"standard","meta":{"footnotes":""},"categories":[381,386],"tags":[],"class_list":["post-6225","post","type-post","status-publish","format-standard","hentry","category-editais-e-processos-seletivos","category-mestrado-e-doutorado"],"_links":{"self":[{"href":"https:\/\/ufpr.br\/propg\/wp-json\/wp\/v2\/posts\/6225","targetHints":{"allow":["GET"]}}],"collection":[{"href":"https:\/\/ufpr.br\/propg\/wp-json\/wp\/v2\/posts"}],"about":[{"href":"https:\/\/ufpr.br\/propg\/wp-json\/wp\/v2\/types\/post"}],"author":[{"embeddable":true,"href":"https:\/\/ufpr.br\/propg\/wp-json\/wp\/v2\/users\/18"}],"replies":[{"embeddable":true,"href":"https:\/\/ufpr.br\/propg\/wp-json\/wp\/v2\/comments?post=6225"}],"version-history":[{"count":4,"href":"https:\/\/ufpr.br\/propg\/wp-json\/wp\/v2\/posts\/6225\/revisions"}],"predecessor-version":[{"id":18464,"href":"https:\/\/ufpr.br\/propg\/wp-json\/wp\/v2\/posts\/6225\/revisions\/18464"}],"wp:attachment":[{"href":"https:\/\/ufpr.br\/propg\/wp-json\/wp\/v2\/media?parent=6225"}],"wp:term":[{"taxonomy":"category","embeddable":true,"href":"https:\/\/ufpr.br\/propg\/wp-json\/wp\/v2\/categories?post=6225"},{"taxonomy":"post_tag","embeddable":true,"href":"https:\/\/ufpr.br\/propg\/wp-json\/wp\/v2\/tags?post=6225"}],"curies":[{"name":"wp","href":"https:\/\/api.w.org\/{rel}","templated":true}]}}