{"id":6179,"date":"2018-08-15T12:06:39","date_gmt":"2018-08-15T15:06:39","guid":{"rendered":"https:\/\/ufpr.br\/workshop-sisgen"},"modified":"2025-12-01T09:52:27","modified_gmt":"2025-12-01T12:52:27","slug":"workshop-sisgen","status":"publish","type":"post","link":"https:\/\/ufpr.br\/propg\/workshop-sisgen\/","title":{"rendered":"[Workshop] SisGen: Sistema Nacional de Gest\u00e3o do Patrim\u00f4nio Gen\u00e9tico e do Conhecimento Tradicional Associado"},"content":{"rendered":"\n<p><span style=\"color: #000000;\"><strong>A PRPPG e o Comit\u00ea de Assuntos Relacionados ao Patrim\u00f4nio Gen\u00e9tico da convidam para o Workshop sobre a Lei 13.123 de 2015 a ser realizado dia 23 de agosto de 2018 no Audit\u00f3rio do SEPT\/UFPR.<\/strong><\/span><\/p>\n\n\n\n<p>&nbsp;<\/p>\n\n\n\n<p><span style=\"color: #000000;\">Pesquisadores que atuem em linhas de pesquisas relacionadas ao Conhecimento Tradicional Associado (CTA) e ao Patrim\u00f4nio Gen\u00e9tico (SG) est\u00e3o convidados a participar das palestras e mesas redondas com analistas do Minist\u00e9rio do Meio Ambiente, pesquisadores e advogados especialistas no tema:<\/span><\/p>\n\n\n\n<p>&nbsp;<\/p>\n\n\n\n<figure class=\"wp-block-table\"><table class=\"has-fixed-layout\"><tbody><tr><td><strong>Evento<\/strong><\/td><td><strong>Workshop sobre a Lei 13.123 de 2015 (SisGen)<\/strong><\/td><\/tr><tr><td>Tema<\/td><td>Sistema Nacional de Gest\u00e3o do Patrim\u00f4nio Gen\u00e9tico e do Conhecimento Tradicional Associado (SisGen): Esclarecimento e avalia\u00e7\u00e3o junto \u00e0 comunidade cient\u00edfica quanto ao termo &#8220;Conhecimento Tradicional Associado&#8221;<\/td><\/tr><tr><td>Local<\/td><td><strong>Audit\u00f3rio do Setor de Educa\u00e7\u00e3o Profissional e Tecnol\u00f3gica SEPT\/UFPR<\/strong><br>R. Dr. Alcides Arco Verde, 1225 &#8211; Jd. das Am\u00e9ricas, Curitiba &#8211; PR<\/td><\/tr><tr><td>Data<\/td><td><strong>23\/08\/2018&nbsp; &nbsp;9h-12h e 14h-17h<\/strong><\/td><\/tr><tr><td>Realiza\u00e7\u00e3o<\/td><td>Pr\u00f3-reitoria de Pesquisa e P\u00f3s-gradua\u00e7\u00e3o e Comit\u00ea de Assuntos Relacionados ao Patrim\u00f4nio Gen\u00e9tico da UFPR<br><p><a href=\"mailto:carpg@ufpr.br\">carpg@ufpr.br\u00a0<\/a><\/p><br><\/td><\/tr><\/tbody><\/table><\/figure>\n\n\n\n<p>&nbsp;<\/p>\n\n\n\n<p><span style=\"color: #000000;\">Acesse o manual sobre o SisGen\u00a0<\/span><strong><a href=\"https:\/\/ufpr.br\/propg\/wp-content\/uploads\/2025\/10\/manual_lei_13123_sisgen_19_07_2018_final_capa_alta.pdf.pdf\" target=\"_blank\" rel=\"noreferrer noopener\">aqui<\/a><\/strong>.<\/p>\n\n\n\n<p><span style=\"color: #000000;\">Folder do evento:<\/span><\/p>\n\n\n\n<figure class=\"wp-block-image\"><a href=\"https:\/\/www.prppg.ufpr.br\/site\/blog\/2018\/08\/15\/workshop-sisgen\/\" target=\"_blank\" rel=\"noopener\"><img decoding=\"async\" src=\"https:\/\/www.prppg.ufpr.br\/site\/wp-content\/uploads\/2018\/08\/workshop-cartaz-300x225.jpg\" alt=\"\" class=\"wp-image-9045\"\/><\/a><\/figure>\n\n\n\n<p><\/p>\n","protected":false},"excerpt":{"rendered":"<p>A PRPPG e o Comit\u00ea de Assuntos Relacionados ao Patrim\u00f4nio Gen\u00e9tico da convidam para o Workshop sobre a Lei 13.123 de 2015 a ser realizado dia 23 de agosto de 2018 no Audit\u00f3rio do SEPT\/UFPR. &nbsp; Pesquisadores que atuem em linhas de pesquisas relacionadas ao Conhecimento Tradicional Associado (CTA) e ao Patrim\u00f4nio Gen\u00e9tico (SG) est\u00e3o [&hellip;]<\/p>\n","protected":false},"author":16,"featured_media":0,"comment_status":"open","ping_status":"open","sticky":false,"template":"","format":"standard","meta":{"footnotes":""},"categories":[386],"tags":[],"class_list":["post-6179","post","type-post","status-publish","format-standard","hentry","category-mestrado-e-doutorado"],"_links":{"self":[{"href":"https:\/\/ufpr.br\/propg\/wp-json\/wp\/v2\/posts\/6179","targetHints":{"allow":["GET"]}}],"collection":[{"href":"https:\/\/ufpr.br\/propg\/wp-json\/wp\/v2\/posts"}],"about":[{"href":"https:\/\/ufpr.br\/propg\/wp-json\/wp\/v2\/types\/post"}],"author":[{"embeddable":true,"href":"https:\/\/ufpr.br\/propg\/wp-json\/wp\/v2\/users\/16"}],"replies":[{"embeddable":true,"href":"https:\/\/ufpr.br\/propg\/wp-json\/wp\/v2\/comments?post=6179"}],"version-history":[{"count":3,"href":"https:\/\/ufpr.br\/propg\/wp-json\/wp\/v2\/posts\/6179\/revisions"}],"predecessor-version":[{"id":18438,"href":"https:\/\/ufpr.br\/propg\/wp-json\/wp\/v2\/posts\/6179\/revisions\/18438"}],"wp:attachment":[{"href":"https:\/\/ufpr.br\/propg\/wp-json\/wp\/v2\/media?parent=6179"}],"wp:term":[{"taxonomy":"category","embeddable":true,"href":"https:\/\/ufpr.br\/propg\/wp-json\/wp\/v2\/categories?post=6179"},{"taxonomy":"post_tag","embeddable":true,"href":"https:\/\/ufpr.br\/propg\/wp-json\/wp\/v2\/tags?post=6179"}],"curies":[{"name":"wp","href":"https:\/\/api.w.org\/{rel}","templated":true}]}}