{"id":6150,"date":"2018-08-07T12:22:13","date_gmt":"2018-08-07T15:22:13","guid":{"rendered":"https:\/\/ufpr.br\/edital-06-2018"},"modified":"2025-12-01T09:53:09","modified_gmt":"2025-12-01T12:53:09","slug":"edital-06-2018","status":"publish","type":"post","link":"https:\/\/ufpr.br\/propg\/edital-06-2018\/","title":{"rendered":"[Fomento] Apoio a Publica\u00e7\u00f5es Cient\u00edficas Internacionais &#8211; Edital PRPPG 06\/2018"},"content":{"rendered":"\n<p><span style=\"color: #000000;\">A Pro\u0301-Reitoria de Pesquisa e Po\u0301s-graduac\u0327a\u0303o da Universidade Federal do Paran\u00e1 divulga o Edital de Apoio a Publica\u00e7\u00e3o Cientifica Internacional, que visa <strong>apoiar publica\u00e7\u00f5es de alta qualidade oriundas<\/strong> de atividades de Pesquisa, Desenvolvimento e Inova\u00e7\u00e3o de autor(es) dos Programas de Po\u0301s-graduac\u0327a\u0303o Stricto Sensu em<strong> peri\u00f3dicos cient\u00edficos internacionais altamente qualificados<\/strong> nos termos do<\/span> <strong><a href=\"https:\/\/ufpr.br\/propg\/wp-content\/uploads\/2025\/10\/edital-publicacoes-2018-07-08-18.pdf\" target=\"_blank\" rel=\"noreferrer noopener\">Edital PRPPG 06\/2018<\/a><\/strong>.<\/p>\n\n\n\n<p>\u00a0Para que possamos atender as demandas, favor envi\u00e1-las via SEI at\u00e9 08\/10\/2018 para\u00a0UFPR\/R\/PRPPG\/CPDCT.<\/p>\n\n\n\n<p><\/p>\n","protected":false},"excerpt":{"rendered":"<p>A Pro\u0301-Reitoria de Pesquisa e Po\u0301s-graduac\u0327a\u0303o da Universidade Federal do Paran\u00e1 divulga o Edital de Apoio a Publica\u00e7\u00e3o Cientifica Internacional, que visa apoiar publica\u00e7\u00f5es de alta qualidade oriundas de atividades de Pesquisa, Desenvolvimento e Inova\u00e7\u00e3o de autor(es) dos Programas de Po\u0301s-graduac\u0327a\u0303o Stricto Sensu em peri\u00f3dicos cient\u00edficos internacionais altamente qualificados nos termos do Edital PRPPG 06\/2018. [&hellip;]<\/p>\n","protected":false},"author":16,"featured_media":0,"comment_status":"open","ping_status":"open","sticky":false,"template":"","format":"standard","meta":{"footnotes":""},"categories":[381,386],"tags":[],"class_list":["post-6150","post","type-post","status-publish","format-standard","hentry","category-editais-e-processos-seletivos","category-mestrado-e-doutorado"],"_links":{"self":[{"href":"https:\/\/ufpr.br\/propg\/wp-json\/wp\/v2\/posts\/6150","targetHints":{"allow":["GET"]}}],"collection":[{"href":"https:\/\/ufpr.br\/propg\/wp-json\/wp\/v2\/posts"}],"about":[{"href":"https:\/\/ufpr.br\/propg\/wp-json\/wp\/v2\/types\/post"}],"author":[{"embeddable":true,"href":"https:\/\/ufpr.br\/propg\/wp-json\/wp\/v2\/users\/16"}],"replies":[{"embeddable":true,"href":"https:\/\/ufpr.br\/propg\/wp-json\/wp\/v2\/comments?post=6150"}],"version-history":[{"count":5,"href":"https:\/\/ufpr.br\/propg\/wp-json\/wp\/v2\/posts\/6150\/revisions"}],"predecessor-version":[{"id":18448,"href":"https:\/\/ufpr.br\/propg\/wp-json\/wp\/v2\/posts\/6150\/revisions\/18448"}],"wp:attachment":[{"href":"https:\/\/ufpr.br\/propg\/wp-json\/wp\/v2\/media?parent=6150"}],"wp:term":[{"taxonomy":"category","embeddable":true,"href":"https:\/\/ufpr.br\/propg\/wp-json\/wp\/v2\/categories?post=6150"},{"taxonomy":"post_tag","embeddable":true,"href":"https:\/\/ufpr.br\/propg\/wp-json\/wp\/v2\/tags?post=6150"}],"curies":[{"name":"wp","href":"https:\/\/api.w.org\/{rel}","templated":true}]}}