{"id":6125,"date":"2018-08-07T18:13:51","date_gmt":"2018-08-07T21:13:51","guid":{"rendered":"https:\/\/ufpr.br\/resultado-preliminar-edital-de-apoio-a-editoracao-de-periodicos-cientificos-2018"},"modified":"2025-12-01T09:52:49","modified_gmt":"2025-12-01T12:52:49","slug":"resultado-preliminar-edital-de-apoio-a-editoracao-de-periodicos-cientificos-2018","status":"publish","type":"post","link":"https:\/\/ufpr.br\/propg\/resultado-preliminar-edital-de-apoio-a-editoracao-de-periodicos-cientificos-2018\/","title":{"rendered":"[Peri\u00f3dicos] Resultado Final do Edital de apoio \u00e0 editora\u00e7\u00e3o de peri\u00f3dicos cient\u00edficos \u2013 2018"},"content":{"rendered":"\n<p><a href=\"https:\/\/ufpr.br\/propg\/wp-content\/uploads\/2025\/10\/resultado_final_edital_2018_apoio-aos-peridicos.pdf\" target=\"_blank\" rel=\"noreferrer noopener\">Resultado_Final_Edital_2018_Apoio aos Peri\u00f3dicos<\/a><\/p>\n","protected":false},"excerpt":{"rendered":"<p>Resultado_Final_Edital_2018_Apoio aos Peri\u00f3dicos<\/p>\n","protected":false},"author":18,"featured_media":0,"comment_status":"open","ping_status":"open","sticky":false,"template":"","format":"standard","meta":{"footnotes":""},"categories":[386],"tags":[],"class_list":["post-6125","post","type-post","status-publish","format-standard","hentry","category-mestrado-e-doutorado"],"_links":{"self":[{"href":"https:\/\/ufpr.br\/propg\/wp-json\/wp\/v2\/posts\/6125","targetHints":{"allow":["GET"]}}],"collection":[{"href":"https:\/\/ufpr.br\/propg\/wp-json\/wp\/v2\/posts"}],"about":[{"href":"https:\/\/ufpr.br\/propg\/wp-json\/wp\/v2\/types\/post"}],"author":[{"embeddable":true,"href":"https:\/\/ufpr.br\/propg\/wp-json\/wp\/v2\/users\/18"}],"replies":[{"embeddable":true,"href":"https:\/\/ufpr.br\/propg\/wp-json\/wp\/v2\/comments?post=6125"}],"version-history":[{"count":3,"href":"https:\/\/ufpr.br\/propg\/wp-json\/wp\/v2\/posts\/6125\/revisions"}],"predecessor-version":[{"id":18445,"href":"https:\/\/ufpr.br\/propg\/wp-json\/wp\/v2\/posts\/6125\/revisions\/18445"}],"wp:attachment":[{"href":"https:\/\/ufpr.br\/propg\/wp-json\/wp\/v2\/media?parent=6125"}],"wp:term":[{"taxonomy":"category","embeddable":true,"href":"https:\/\/ufpr.br\/propg\/wp-json\/wp\/v2\/categories?post=6125"},{"taxonomy":"post_tag","embeddable":true,"href":"https:\/\/ufpr.br\/propg\/wp-json\/wp\/v2\/tags?post=6125"}],"curies":[{"name":"wp","href":"https:\/\/api.w.org\/{rel}","templated":true}]}}