{"id":6008,"date":"2018-07-05T13:27:08","date_gmt":"2018-07-05T16:27:08","guid":{"rendered":"https:\/\/ufpr.br\/informacoes-programa-professor-visitante-2018"},"modified":"2025-12-01T09:49:58","modified_gmt":"2025-12-01T12:49:58","slug":"informacoes-programa-professor-visitante-2018","status":"publish","type":"post","link":"https:\/\/ufpr.br\/propg\/informacoes-programa-professor-visitante-2018\/","title":{"rendered":"[Professor Visitante] Informa\u00e7\u00f5es sobre o Programa 2018"},"content":{"rendered":"\n<p><span style=\"color: #000000;\">Informamos que as propostas submetidas ao<\/span> <a href=\"https:\/\/ufpr.br\/propg\/cpgss\/programa-professor-visitante\/\" target=\"_blank\" rel=\"noreferrer noopener\">Programa Professor Visitante<\/a>, nos termos da <a href=\"http:\/\/www.soc.ufpr.br\/portal\/wp-content\/uploads\/2017\/10\/cepe2917.pdf\" target=\"_blank\" rel=\"noreferrer noopener\">Resolu\u00e7\u00e3o 29\/17-CEPE<\/a> <span style=\"color: #000000;\">e da<\/span> <a href=\"https:\/\/ufpr.br\/propg\/wp-content\/uploads\/2025\/10\/portaria-07-gab-prppg-professor-visitante.pdf\" target=\"_blank\" rel=\"noreferrer noopener\">Portaria 07\/18-PRPPG<\/a>, <span style=\"color: #000000;\">dever\u00e3o ser encaminhadas exclusivamente via <strong>SEI<\/strong> para a unidade <strong>UFPR\/R\/PRPPG\/CPGSS\/UBA<\/strong>.<\/span><\/p>\n\n\n\n<p><span style=\"color: #000000;\">Vale ressaltar que a submiss\u00e3o das propostas dever\u00e1 ser realizada com <strong>anteced\u00eancia m\u00ednima de 6 meses<\/strong> a considerar que, por for\u00e7a legislativa, pesquisadores estrangeiros necessitam a obten\u00e7\u00e3o de visto Tipo V (visto de trabalho) &#8211; o que aumenta a demanda burocr\u00e1tica e, consequentemente, o tempo necess\u00e1rio para que os procedimentos de contrata\u00e7\u00e3o sejam implementados.<\/span><\/p>\n\n\n\n<p><span style=\"color: #000000;\">Frente \u00e0 diversidade de procedimentos para a obten\u00e7\u00e3o de visto e a sua frequente altera\u00e7\u00e3o, a representa\u00e7\u00e3o diplom\u00e1tica do Brasil no pa\u00eds de origem do docente tamb\u00e9m deve ser consultada para obter informa\u00e7\u00f5es precisas e seguras.<\/span><\/p>\n\n\n\n<p><span style=\"color: #000000;\">A Reitoria, a PRPPG e a PROPLAN j\u00e1 estabeleceram contatos com o Minist\u00e9rio do Trabalho para que os tr\u00e2mites de emiss\u00e3o de Visto de Trabalho V para professores visitantes possam ser acelerados, dada a relev\u00e2ncia destes pesquisadores para a internacionaliza\u00e7\u00e3o da UFPR e demais universidades brasileiras.<\/span><\/p>\n\n\n\n<p><span style=\"color: #000000;\">Consulte o calend\u00e1rio e as demais informa\u00e7\u00f5es sobre o Programa Professor Visitante em<\/span>:\u00a0<a href=\"https:\/\/ufpr.br\/propg\/cpgss\/programa-professor-visitante\/\" target=\"_blank\" rel=\"noreferrer noopener\">https:\/\/ufpr.br\/propg\/cpgss\/programa-professor-visitante\/<\/a><\/p>\n","protected":false},"excerpt":{"rendered":"<p>Informamos que as propostas submetidas ao Programa Professor Visitante, nos termos da Resolu\u00e7\u00e3o 29\/17-CEPE e da Portaria 07\/18-PRPPG, dever\u00e3o ser encaminhadas exclusivamente via SEI para a unidade UFPR\/R\/PRPPG\/CPGSS\/UBA. Vale ressaltar que a submiss\u00e3o das propostas dever\u00e1 ser realizada com anteced\u00eancia m\u00ednima de 6 meses a considerar que, por for\u00e7a legislativa, pesquisadores estrangeiros necessitam a obten\u00e7\u00e3o [&hellip;]<\/p>\n","protected":false},"author":16,"featured_media":0,"comment_status":"open","ping_status":"open","sticky":false,"template":"","format":"standard","meta":{"footnotes":""},"categories":[386],"tags":[],"class_list":["post-6008","post","type-post","status-publish","format-standard","hentry","category-mestrado-e-doutorado"],"_links":{"self":[{"href":"https:\/\/ufpr.br\/propg\/wp-json\/wp\/v2\/posts\/6008","targetHints":{"allow":["GET"]}}],"collection":[{"href":"https:\/\/ufpr.br\/propg\/wp-json\/wp\/v2\/posts"}],"about":[{"href":"https:\/\/ufpr.br\/propg\/wp-json\/wp\/v2\/types\/post"}],"author":[{"embeddable":true,"href":"https:\/\/ufpr.br\/propg\/wp-json\/wp\/v2\/users\/16"}],"replies":[{"embeddable":true,"href":"https:\/\/ufpr.br\/propg\/wp-json\/wp\/v2\/comments?post=6008"}],"version-history":[{"count":6,"href":"https:\/\/ufpr.br\/propg\/wp-json\/wp\/v2\/posts\/6008\/revisions"}],"predecessor-version":[{"id":18430,"href":"https:\/\/ufpr.br\/propg\/wp-json\/wp\/v2\/posts\/6008\/revisions\/18430"}],"wp:attachment":[{"href":"https:\/\/ufpr.br\/propg\/wp-json\/wp\/v2\/media?parent=6008"}],"wp:term":[{"taxonomy":"category","embeddable":true,"href":"https:\/\/ufpr.br\/propg\/wp-json\/wp\/v2\/categories?post=6008"},{"taxonomy":"post_tag","embeddable":true,"href":"https:\/\/ufpr.br\/propg\/wp-json\/wp\/v2\/tags?post=6008"}],"curies":[{"name":"wp","href":"https:\/\/api.w.org\/{rel}","templated":true}]}}