{"id":5996,"date":"2018-07-05T07:30:05","date_gmt":"2018-07-05T10:30:05","guid":{"rendered":"https:\/\/ufpr.br\/processo-seletivo-engenharia-de-bioprocessos-e-biotecnologia-2018-2"},"modified":"2025-12-01T09:50:08","modified_gmt":"2025-12-01T12:50:08","slug":"processo-seletivo-engenharia-de-bioprocessos-e-biotecnologia-2018-2","status":"publish","type":"post","link":"https:\/\/ufpr.br\/propg\/processo-seletivo-engenharia-de-bioprocessos-e-biotecnologia-2018-2\/","title":{"rendered":"[Processo Seletivo] Engenharia de Bioprocessos e Biotecnologia 2018.2"},"content":{"rendered":"\n<p>Est\u00e1 aberto o processo seletivo para o <span style=\"text-decoration: underline;\">segundo semestre de 2018<\/span> do Mestrado em Engenharia de Bioprocessos e Biotecnologia &#8211; PPGEBB.<\/p>\n\n\n\n<p>As inscri\u00e7\u00f5es ser\u00e3o realizadas no per\u00edodo de <strong>02 a 27 de Julho de 2018<\/strong>.<\/p>\n\n\n\n<p>O Programa de P\u00f3s-Gradua\u00e7\u00e3o em <a href=\"https:\/\/www.prppg.ufpr.br\/ppgebb\/\" target=\"_blank\" rel=\"noreferrer noopener\">Engenharia de Bioprocessos e Biotecnologia<\/a> (PPGEBB) \u00e9 avaliado com o Conceito 7 da CAPES (a nota m\u00e1xima atribu\u00edda a um programa de p\u00f3s-gradua\u00e7\u00e3o pelo n\u00edvel de excel\u00eancia e internacionaliza\u00e7\u00e3o).<\/p>\n\n\n\n<p>Confira o edital e todas as informa\u00e7\u00f5es sobre o processo seletivo na p\u00e1gina do programa: <a href=\"http:\/\/www.ppgebb.ufpr.br\" target=\"_blank\" rel=\"noreferrer noopener\">www.ppgebb.ufpr.br<\/a><\/p>\n","protected":false},"excerpt":{"rendered":"<p>Est\u00e1 aberto o processo seletivo para o segundo semestre de 2018 do Mestrado em Engenharia de Bioprocessos e Biotecnologia &#8211; PPGEBB. As inscri\u00e7\u00f5es ser\u00e3o realizadas no per\u00edodo de 02 a 27 de Julho de 2018. O Programa de P\u00f3s-Gradua\u00e7\u00e3o em Engenharia de Bioprocessos e Biotecnologia (PPGEBB) \u00e9 avaliado com o Conceito 7 da CAPES (a [&hellip;]<\/p>\n","protected":false},"author":16,"featured_media":0,"comment_status":"open","ping_status":"open","sticky":false,"template":"","format":"standard","meta":{"footnotes":""},"categories":[381,386],"tags":[],"class_list":["post-5996","post","type-post","status-publish","format-standard","hentry","category-editais-e-processos-seletivos","category-mestrado-e-doutorado"],"_links":{"self":[{"href":"https:\/\/ufpr.br\/propg\/wp-json\/wp\/v2\/posts\/5996","targetHints":{"allow":["GET"]}}],"collection":[{"href":"https:\/\/ufpr.br\/propg\/wp-json\/wp\/v2\/posts"}],"about":[{"href":"https:\/\/ufpr.br\/propg\/wp-json\/wp\/v2\/types\/post"}],"author":[{"embeddable":true,"href":"https:\/\/ufpr.br\/propg\/wp-json\/wp\/v2\/users\/16"}],"replies":[{"embeddable":true,"href":"https:\/\/ufpr.br\/propg\/wp-json\/wp\/v2\/comments?post=5996"}],"version-history":[{"count":3,"href":"https:\/\/ufpr.br\/propg\/wp-json\/wp\/v2\/posts\/5996\/revisions"}],"predecessor-version":[{"id":18431,"href":"https:\/\/ufpr.br\/propg\/wp-json\/wp\/v2\/posts\/5996\/revisions\/18431"}],"wp:attachment":[{"href":"https:\/\/ufpr.br\/propg\/wp-json\/wp\/v2\/media?parent=5996"}],"wp:term":[{"taxonomy":"category","embeddable":true,"href":"https:\/\/ufpr.br\/propg\/wp-json\/wp\/v2\/categories?post=5996"},{"taxonomy":"post_tag","embeddable":true,"href":"https:\/\/ufpr.br\/propg\/wp-json\/wp\/v2\/tags?post=5996"}],"curies":[{"name":"wp","href":"https:\/\/api.w.org\/{rel}","templated":true}]}}