{"id":5944,"date":"2018-06-25T13:10:19","date_gmt":"2018-06-25T16:10:19","guid":{"rendered":"https:\/\/ufpr.br\/periodicos-edital-de-apoio-aos-periodicos-2018-inscricoes-abertas"},"modified":"2025-12-01T09:44:51","modified_gmt":"2025-12-01T12:44:51","slug":"periodicos-edital-de-apoio-aos-periodicos-2018-inscricoes-abertas","status":"publish","type":"post","link":"https:\/\/ufpr.br\/propg\/periodicos-edital-de-apoio-aos-periodicos-2018-inscricoes-abertas\/","title":{"rendered":"[Peri\u00f3dicos] Edital de Apoio aos Peri\u00f3dicos 2018: inscri\u00e7\u00f5es abertas"},"content":{"rendered":"\n<p>Caros editores,<\/p>\n\n\n\n<p>Come\u00e7am hoje e v\u00e3o at\u00e9 dia 25\/07\/2018 as inscri\u00e7\u00f5es para o\u00a0<a href=\"https:\/\/ufpr.br\/propg\/wp-content\/uploads\/2025\/10\/edital-de-apoio-editorao-de-peridicos-cientficos_2018_verso_final-1.pdf\" target=\"_blank\" rel=\"noreferrer noopener\">Edital de Apoio \u00e0 Editora\u00e7\u00e3o e Publica\u00e7\u00e3o de Peri\u00f3dicos Cient\u00edficos da UFPR \u2013 2018<\/a>\u00a0que visa apoiar a publica\u00e7\u00e3o de peri\u00f3dicos cient\u00edficos da institui\u00e7\u00e3o em todas as \u00e1reas do conhecimento.<\/p>\n\n\n\n<p>As propostas aprovadas ser\u00e3o financiadas com recursos pr\u00f3prios da UFPR no valor de R$ 221.000,00 de acordo com os crit\u00e9rios classificat\u00f3rios previstos no edital.<\/p>\n\n\n\n<p>Consulte abaixo o cronograma:<\/p>\n\n\n\n<figure class=\"wp-block-table is-style-stripes\"><table class=\"has-fixed-layout\"><thead><tr><th>Atividades<\/th><th class=\"has-text-align-center\" data-align=\"center\">Data<\/th><\/tr><\/thead><tbody><tr><td><span style=\"font-size: 10pt;\">Lan\u00e7amento do Edital<\/span><\/td><td class=\"has-text-align-center\" data-align=\"center\"><span style=\"font-size: 10pt;\">25.06.2018<\/span><\/td><\/tr><tr><td><span style=\"font-size: 10pt;\">Entrega das propostas<\/span><\/td><td class=\"has-text-align-center\" data-align=\"center\"><span style=\"font-size: 10pt;\">25.07.2018<\/span><\/td><\/tr><tr><td><span style=\"font-size: 10pt;\">Divulga\u00e7\u00e3o do resultado preliminar<\/span><\/td><td class=\"has-text-align-center\" data-align=\"center\"><span style=\"font-size: 10pt;\">31.07.2018<\/span><\/td><\/tr><tr><td><span style=\"font-size: 10pt;\">Entrega de pedido de reconsidera\u00e7\u00e3o<\/span><\/td><td class=\"has-text-align-center\" data-align=\"center\"><span style=\"font-size: 10pt;\">03.08.2018<\/span><\/td><\/tr><tr><td><span style=\"font-size: 10pt;\">An\u00e1lise dos pedidos de reconsidera\u00e7\u00e3o<\/span><\/td><td class=\"has-text-align-center\" data-align=\"center\"><span style=\"font-size: 10pt;\">06.08.2018<\/span><\/td><\/tr><tr><td><span style=\"font-size: 10pt;\">Homologa\u00e7\u00e3o do resultado final<\/span><\/td><td class=\"has-text-align-center\" data-align=\"center\"><span style=\"font-size: 10pt;\">06.08.2018<\/span><\/td><\/tr><tr><td><span style=\"font-size: 10pt;\">Divulga\u00e7\u00e3o do resultado final<\/span><\/td><td class=\"has-text-align-center\" data-align=\"center\"><span style=\"font-size: 10pt;\">06.08.2018<\/span><\/td><\/tr><tr><td><span style=\"font-size: 10pt;\">Assinatura do termo de responsabilidade do editor junto \u00e0 PRPPG<\/span><\/td><td class=\"has-text-align-center\" data-align=\"center\"><span style=\"font-size: 10pt;\">At\u00e9 09.08.2018<\/span><\/td><\/tr><tr><td><span style=\"font-size: 10pt;\">Vig\u00eancia do Edital<\/span><\/td><td class=\"has-text-align-center\" data-align=\"center\"><span style=\"font-size: 10pt;\">10.08.2018<\/span><\/td><\/tr><\/tbody><\/table><\/figure>\n\n\n\n<p>&nbsp;<\/p>\n\n\n\n<p>Informa\u00e7\u00f5es \u00fateis:<\/p>\n\n\n\n<p><strong>Edital de Apoio aos Peri\u00f3dicos 2018<\/strong><\/p>\n\n\n\n<ul class=\"wp-block-list\">\n<li>Acesse o <a href=\"https:\/\/ufpr.br\/propg\/wp-content\/uploads\/2025\/10\/edital-de-apoio-editorao-de-peridicos-cientficos_2018_verso_final-1.pdf\" target=\"_blank\" rel=\"noreferrer noopener\">Edital de Apoio \u00e0 Editora\u00e7\u00e3o e Publica\u00e7\u00e3o de Peri\u00f3dicos Cient\u00edficos da UFPR \u2013 2018<\/a><\/li>\n<\/ul>\n\n\n\n<ul class=\"wp-block-list\">\n<li>ANEXOS:\u00a0<a href=\"https:\/\/ufpr.br\/propg\/wp-content\/uploads\/2025\/10\/anexo-1.docx\" target=\"_blank\" rel=\"noreferrer noopener\">ANEXO 1<\/a>\u00a0e\u00a0<a href=\"https:\/\/ufpr.br\/propg\/wp-content\/uploads\/2025\/10\/anexo-2.docx\" target=\"_blank\" rel=\"noreferrer noopener\">ANEXO 2<\/a><\/li>\n<\/ul>\n","protected":false},"excerpt":{"rendered":"<p>Caros editores, Come\u00e7am hoje e v\u00e3o at\u00e9 dia 25\/07\/2018 as inscri\u00e7\u00f5es para o\u00a0Edital de Apoio \u00e0 Editora\u00e7\u00e3o e Publica\u00e7\u00e3o de Peri\u00f3dicos Cient\u00edficos da UFPR \u2013 2018\u00a0que visa apoiar a publica\u00e7\u00e3o de peri\u00f3dicos cient\u00edficos da institui\u00e7\u00e3o em todas as \u00e1reas do conhecimento. As propostas aprovadas ser\u00e3o financiadas com recursos pr\u00f3prios da UFPR no valor de R$ [&hellip;]<\/p>\n","protected":false},"author":16,"featured_media":0,"comment_status":"open","ping_status":"open","sticky":false,"template":"","format":"standard","meta":{"footnotes":""},"categories":[386],"tags":[],"class_list":["post-5944","post","type-post","status-publish","format-standard","hentry","category-mestrado-e-doutorado"],"_links":{"self":[{"href":"https:\/\/ufpr.br\/propg\/wp-json\/wp\/v2\/posts\/5944","targetHints":{"allow":["GET"]}}],"collection":[{"href":"https:\/\/ufpr.br\/propg\/wp-json\/wp\/v2\/posts"}],"about":[{"href":"https:\/\/ufpr.br\/propg\/wp-json\/wp\/v2\/types\/post"}],"author":[{"embeddable":true,"href":"https:\/\/ufpr.br\/propg\/wp-json\/wp\/v2\/users\/16"}],"replies":[{"embeddable":true,"href":"https:\/\/ufpr.br\/propg\/wp-json\/wp\/v2\/comments?post=5944"}],"version-history":[{"count":8,"href":"https:\/\/ufpr.br\/propg\/wp-json\/wp\/v2\/posts\/5944\/revisions"}],"predecessor-version":[{"id":18416,"href":"https:\/\/ufpr.br\/propg\/wp-json\/wp\/v2\/posts\/5944\/revisions\/18416"}],"wp:attachment":[{"href":"https:\/\/ufpr.br\/propg\/wp-json\/wp\/v2\/media?parent=5944"}],"wp:term":[{"taxonomy":"category","embeddable":true,"href":"https:\/\/ufpr.br\/propg\/wp-json\/wp\/v2\/categories?post=5944"},{"taxonomy":"post_tag","embeddable":true,"href":"https:\/\/ufpr.br\/propg\/wp-json\/wp\/v2\/tags?post=5944"}],"curies":[{"name":"wp","href":"https:\/\/api.w.org\/{rel}","templated":true}]}}