{"id":5890,"date":"2018-05-29T08:26:59","date_gmt":"2018-05-29T11:26:59","guid":{"rendered":"https:\/\/ufpr.br\/edital-2018-prazo-de-insercao-de-alunos-ic-10-06-2018"},"modified":"2025-12-01T09:41:56","modified_gmt":"2025-12-01T12:41:56","slug":"edital-2018-prazo-de-insercao-de-alunos-ic-10-06-2018","status":"publish","type":"post","link":"https:\/\/ufpr.br\/propg\/edital-2018-prazo-de-insercao-de-alunos-ic-10-06-2018\/","title":{"rendered":"[Edital 2018] Prazo de Inser\u00e7\u00e3o de Alunos IC 10\/06\/2018"},"content":{"rendered":"\n<p>Prezados Pesquisadores,<\/p>\n\n\n\n<p>Devido as manifesta\u00e7\u00f5es e a decis\u00e3o de suspens\u00e3o das atividades acad\u00eamicas na UFPR at\u00e9 o dia 30\/05\/2018, informamos que o prazo para a inser\u00e7\u00e3o de alunos no Edital 2018 do Programa de Inicia\u00e7\u00e3o Cient\u00edfica e Desenvolvimento Tecnol\u00f3gico da PRPPG foi estendido at\u00e9 o dia\u00a010\/06\/2018.<\/p>\n\n\n\n<p>Contamos com a compreens\u00e3o e ficamos a disposi\u00e7\u00e3o.<\/p>\n\n\n\n<p>A inser\u00e7\u00e3o de alunos \u00e9 realizada atrContamos com a compreens\u00e3o e ficamos a disposi\u00e7\u00e3o.av\u00e9s do link\u00a0https:\/\/www.prppg.ufpr.br\/sict\/,\u00a0com o login e senha iguais aos acessados no sistema do edital anterior.<\/p>\n","protected":false},"excerpt":{"rendered":"<p>Prezados Pesquisadores, Devido as manifesta\u00e7\u00f5es e a decis\u00e3o de suspens\u00e3o das atividades acad\u00eamicas na UFPR at\u00e9 o dia 30\/05\/2018, informamos que o prazo para a inser\u00e7\u00e3o de alunos no Edital 2018 do Programa de Inicia\u00e7\u00e3o Cient\u00edfica e Desenvolvimento Tecnol\u00f3gico da PRPPG foi estendido at\u00e9 o dia\u00a010\/06\/2018. Contamos com a compreens\u00e3o e ficamos a disposi\u00e7\u00e3o. A [&hellip;]<\/p>\n","protected":false},"author":17,"featured_media":0,"comment_status":"open","ping_status":"open","sticky":false,"template":"","format":"standard","meta":{"footnotes":""},"categories":[381,384],"tags":[],"class_list":["post-5890","post","type-post","status-publish","format-standard","hentry","category-editais-e-processos-seletivos","category-iniciacao-cientifica-e-tecnologica"],"_links":{"self":[{"href":"https:\/\/ufpr.br\/propg\/wp-json\/wp\/v2\/posts\/5890","targetHints":{"allow":["GET"]}}],"collection":[{"href":"https:\/\/ufpr.br\/propg\/wp-json\/wp\/v2\/posts"}],"about":[{"href":"https:\/\/ufpr.br\/propg\/wp-json\/wp\/v2\/types\/post"}],"author":[{"embeddable":true,"href":"https:\/\/ufpr.br\/propg\/wp-json\/wp\/v2\/users\/17"}],"replies":[{"embeddable":true,"href":"https:\/\/ufpr.br\/propg\/wp-json\/wp\/v2\/comments?post=5890"}],"version-history":[{"count":3,"href":"https:\/\/ufpr.br\/propg\/wp-json\/wp\/v2\/posts\/5890\/revisions"}],"predecessor-version":[{"id":18402,"href":"https:\/\/ufpr.br\/propg\/wp-json\/wp\/v2\/posts\/5890\/revisions\/18402"}],"wp:attachment":[{"href":"https:\/\/ufpr.br\/propg\/wp-json\/wp\/v2\/media?parent=5890"}],"wp:term":[{"taxonomy":"category","embeddable":true,"href":"https:\/\/ufpr.br\/propg\/wp-json\/wp\/v2\/categories?post=5890"},{"taxonomy":"post_tag","embeddable":true,"href":"https:\/\/ufpr.br\/propg\/wp-json\/wp\/v2\/tags?post=5890"}],"curies":[{"name":"wp","href":"https:\/\/api.w.org\/{rel}","templated":true}]}}