{"id":5794,"date":"2018-04-19T16:05:46","date_gmt":"2018-04-19T19:05:46","guid":{"rendered":"https:\/\/ufpr.br\/programa-professor-senior"},"modified":"2025-11-28T15:02:25","modified_gmt":"2025-11-28T18:02:25","slug":"programa-professor-senior","status":"publish","type":"post","link":"https:\/\/ufpr.br\/propg\/programa-professor-senior\/","title":{"rendered":"[Comunicado] Programa Professor S\u00eanior"},"content":{"rendered":"\n<p><strong>Atualiza\u00e7\u00e3o em 10.05.2018<\/strong><\/p>\n\n\n\n<p><a href=\"https:\/\/ufpr.br\/propg\/wp-content\/uploads\/2024\/12\/carta-senior.pdf\" target=\"_blank\" rel=\"noreferrer noopener\">Esclarecimentos Programa Professor S\u00eanior<\/a> | Anexo: Vers\u00e3o edit\u00e1vel do <a href=\"https:\/\/ufpr.br\/propg\/wp-content\/uploads\/2024\/11\/termo-de-compromisso-snior.docx\" target=\"_blank\" rel=\"noreferrer noopener\">termo de compromisso s\u00eanior<\/a><\/p>\n\n\n\n<p>&nbsp;<\/p>\n\n\n\n<hr class=\"wp-block-separator has-alpha-channel-opacity\"\/>\n\n\n\n<p>As informa\u00e7\u00f5es sobre o\u00a0Programa Professor S\u00eanior encontram-se em\u00a0<a href=\"https:\/\/ufpr.br\/propg\/cpgss\/programa-professor-senior\/\" target=\"_blank\" rel=\"noreferrer noopener\">https:\/\/ufpr.br\/propg\/cpgss\/programa-professor-senior\/<\/a><\/p>\n\n\n\n<p><a href=\"https:\/\/ufpr.br\/propg\/wp-content\/uploads\/2024\/12\/sei_23075-008509_2018_60.pdf\" target=\"_blank\" rel=\"noreferrer noopener\">Of\u00edcio Circular \u2013 Novos crit\u00e9rios para pagamento de bolsa Professor S\u00eanior<\/a><\/p>\n\n\n\n<p><a href=\"https:\/\/ufpr.br\/propg\/wp-content\/uploads\/2024\/12\/portaria-04-calendario-para-professores-seniores-1.pdf\" target=\"_blank\" rel=\"noreferrer noopener\">Portaria 04\/18 \u2013 Calend\u00e1rio para professores seniores<\/a><\/p>\n\n\n\n<p><a href=\"https:\/\/ufpr.br\/propg\/wp-content\/uploads\/2024\/12\/portaria-08-de-2018.pdf\" target=\"_blank\" rel=\"noreferrer noopener\">Portaria 08\/18 \u2013 Crit\u00e9rios para vincula\u00e7\u00e3o de professores seniores<\/a><\/p>\n\n\n\n<p><a href=\"https:\/\/ufpr.br\/propg\/cpgss\/programa-professor-senior\/instrucoes-para-o-preenchimento-da-planilha\/\">Instru\u00e7\u00f5es para preenchimento da planilha<\/a> | Anexo: Vers\u00e3o edit\u00e1vel da\u00a0<a href=\"https:\/\/ufpr.br\/propg\/wp-content\/uploads\/2024\/12\/prppg_senior-1.xlsx\" target=\"_blank\" rel=\"noreferrer noopener\">planilha de professor s\u00eanior<\/a><\/p>\n\n\n\n<p><a href=\"http:\/\/www.soc.ufpr.br\/wp-content\/uploads\/2017\/08\/cepe1617.pdf\" target=\"_blank\" rel=\"noreferrer noopener\">Resolu\u00e7\u00e3o n\u00b0 16\/17-CEPE<\/a>\u00a0\u2013\u00a0Estabelece normas para o Programa Professor S\u00eanior da\u00a0Universidade Federal do Paran\u00e1.<\/p>\n","protected":false},"excerpt":{"rendered":"<p>Atualiza\u00e7\u00e3o em 10.05.2018 Esclarecimentos Programa Professor S\u00eanior | Anexo: Vers\u00e3o edit\u00e1vel do termo de compromisso s\u00eanior &nbsp; As informa\u00e7\u00f5es sobre o\u00a0Programa Professor S\u00eanior encontram-se em\u00a0https:\/\/ufpr.br\/propg\/cpgss\/programa-professor-senior\/ Of\u00edcio Circular \u2013 Novos crit\u00e9rios para pagamento de bolsa Professor S\u00eanior Portaria 04\/18 \u2013 Calend\u00e1rio para professores seniores Portaria 08\/18 \u2013 Crit\u00e9rios para vincula\u00e7\u00e3o de professores seniores Instru\u00e7\u00f5es para preenchimento [&hellip;]<\/p>\n","protected":false},"author":16,"featured_media":0,"comment_status":"open","ping_status":"open","sticky":false,"template":"","format":"standard","meta":{"footnotes":""},"categories":[386],"tags":[],"class_list":["post-5794","post","type-post","status-publish","format-standard","hentry","category-mestrado-e-doutorado"],"_links":{"self":[{"href":"https:\/\/ufpr.br\/propg\/wp-json\/wp\/v2\/posts\/5794","targetHints":{"allow":["GET"]}}],"collection":[{"href":"https:\/\/ufpr.br\/propg\/wp-json\/wp\/v2\/posts"}],"about":[{"href":"https:\/\/ufpr.br\/propg\/wp-json\/wp\/v2\/types\/post"}],"author":[{"embeddable":true,"href":"https:\/\/ufpr.br\/propg\/wp-json\/wp\/v2\/users\/16"}],"replies":[{"embeddable":true,"href":"https:\/\/ufpr.br\/propg\/wp-json\/wp\/v2\/comments?post=5794"}],"version-history":[{"count":11,"href":"https:\/\/ufpr.br\/propg\/wp-json\/wp\/v2\/posts\/5794\/revisions"}],"predecessor-version":[{"id":18390,"href":"https:\/\/ufpr.br\/propg\/wp-json\/wp\/v2\/posts\/5794\/revisions\/18390"}],"wp:attachment":[{"href":"https:\/\/ufpr.br\/propg\/wp-json\/wp\/v2\/media?parent=5794"}],"wp:term":[{"taxonomy":"category","embeddable":true,"href":"https:\/\/ufpr.br\/propg\/wp-json\/wp\/v2\/categories?post=5794"},{"taxonomy":"post_tag","embeddable":true,"href":"https:\/\/ufpr.br\/propg\/wp-json\/wp\/v2\/tags?post=5794"}],"curies":[{"name":"wp","href":"https:\/\/api.w.org\/{rel}","templated":true}]}}