{"id":5688,"date":"2018-03-13T13:01:34","date_gmt":"2018-03-13T16:01:34","guid":{"rendered":"https:\/\/ufpr.br\/ingles-para-docentes-perguntas-frequentes"},"modified":"2025-11-28T14:59:38","modified_gmt":"2025-11-28T17:59:38","slug":"ingles-para-docentes-perguntas-frequentes","status":"publish","type":"post","link":"https:\/\/ufpr.br\/propg\/ingles-para-docentes-perguntas-frequentes\/","title":{"rendered":"[Ingl\u00eas para docentes] Perguntas frequentes"},"content":{"rendered":"\n<p><strong>&nbsp;<\/strong><span style=\"font-size: 14pt;\"><strong>PERGUNTAS FREQUENTES \u2013 DISCIPLINA DE INGL\u00caS PARA DOCENTES<\/strong><\/span><\/p>\n\n\n\n<p>&nbsp;<\/p>\n\n\n\n<p><strong>Qual o&nbsp;dia da semana e hor\u00e1rio das aulas?<\/strong><\/p>\n\n\n\n<p><s>Semi-intensivo: ter\u00e7as-feiras, 08h30-12h00, de 27\/03\/18 a 12\/06\/18<\/s> (j\u00e1 realizado)<\/p>\n\n\n\n<p>Intensivo: segunda a sexta-feira, 09h00-17h00, de 09\/07\/18 a 13\/07\/18<\/p>\n\n\n\n<p>&nbsp;<\/p>\n\n\n\n<p><strong>Como fa\u00e7o para me inscrever?<\/strong><\/p>\n\n\n\n<p>O docente da p\u00f3s-gradua\u00e7\u00e3o que tiver interesse em se inscrever dever\u00e1 acessar o Portal Docente do SIGA no menu &#8220;Disciplinas&#8221;.<\/p>\n\n\n\n<p>&nbsp;<\/p>\n\n\n\n<p><strong>N\u00e3o consigo me inscrever, o que devo fazer?<\/strong><\/p>\n\n\n\n<p><strong>Entre em contato com o programa de p\u00f3s-gradua\u00e7\u00e3o a que estiver credenciado<\/strong>. O programa verificar\u00e1 se seu cadastro no SIGA est\u00e1 correto e atualizado. Caso o problema persista, o pr\u00f3prio programa abrir\u00e1 um chamado no SIGA.<\/p>\n\n\n\n<p>&nbsp;<\/p>\n\n\n\n<p><strong>Onde ser\u00e3o ministradas as aulas presenciais?<\/strong><\/p>\n\n\n\n<p>Na Sala de Reuni\u00f5es da PRPPG, Edif\u00edcio D. Pedro II (Campus Reitoria), 2\u00ba andar<\/p>\n\n\n\n<p>Endere\u00e7o: Rua Dr. Faivre, 405 &#8211; Ed. Dom Pedro II, 2\u00ba andar &#8211; Centro &#8211; Curitiba (PR), Brasil<\/p>\n\n\n\n<p>&nbsp;<\/p>\n\n\n\n<p><strong>Quem pode se inscrever para assistir a disciplina?<br><\/strong>Apenas <strong>docentes credenciados na p\u00f3s-gradua\u00e7\u00e3o<\/strong> da UFPR<\/p>\n\n\n\n<p>&nbsp;<\/p>\n\n\n\n<p><strong>Sou docente da UFPR mas n\u00e3o sou credenciado na p\u00f3s-gradua\u00e7\u00e3o, posso&nbsp;&nbsp;assistir a disciplina?<\/strong><\/p>\n\n\n\n<p>N\u00e3o, apenas&nbsp;&nbsp;docentes <strong>credenciados na p\u00f3s-gradua\u00e7\u00e3o da UFPR<\/strong> poder\u00e3o se inscrever<\/p>\n\n\n\n<p>&nbsp;<\/p>\n\n\n\n<p><strong>Qual o cronograma previsto para as aulas?<\/strong><\/p>\n\n\n\n<p><s>Semi-intensivo: ter\u00e7as-feiras, 08h30-12h00, de 27\/03\/18 a 12\/06\/18<\/s> (j\u00e1 realizado)<\/p>\n\n\n\n<p><span style=\"font-family: 'Helvetica','sans-serif'; color: red;\">Intensivo: segunda a sexta-feira, 09h00-17h00, de 09\/07\/18 a 13\/07\/18<\/span><\/p>\n","protected":false},"excerpt":{"rendered":"<p>&nbsp;PERGUNTAS FREQUENTES \u2013 DISCIPLINA DE INGL\u00caS PARA DOCENTES &nbsp; Qual o&nbsp;dia da semana e hor\u00e1rio das aulas? Semi-intensivo: ter\u00e7as-feiras, 08h30-12h00, de 27\/03\/18 a 12\/06\/18 (j\u00e1 realizado) Intensivo: segunda a sexta-feira, 09h00-17h00, de 09\/07\/18 a 13\/07\/18 &nbsp; Como fa\u00e7o para me inscrever? O docente da p\u00f3s-gradua\u00e7\u00e3o que tiver interesse em se inscrever dever\u00e1 acessar o Portal [&hellip;]<\/p>\n","protected":false},"author":16,"featured_media":0,"comment_status":"open","ping_status":"open","sticky":false,"template":"","format":"standard","meta":{"footnotes":""},"categories":[386],"tags":[],"class_list":["post-5688","post","type-post","status-publish","format-standard","hentry","category-mestrado-e-doutorado"],"_links":{"self":[{"href":"https:\/\/ufpr.br\/propg\/wp-json\/wp\/v2\/posts\/5688","targetHints":{"allow":["GET"]}}],"collection":[{"href":"https:\/\/ufpr.br\/propg\/wp-json\/wp\/v2\/posts"}],"about":[{"href":"https:\/\/ufpr.br\/propg\/wp-json\/wp\/v2\/types\/post"}],"author":[{"embeddable":true,"href":"https:\/\/ufpr.br\/propg\/wp-json\/wp\/v2\/users\/16"}],"replies":[{"embeddable":true,"href":"https:\/\/ufpr.br\/propg\/wp-json\/wp\/v2\/comments?post=5688"}],"version-history":[{"count":3,"href":"https:\/\/ufpr.br\/propg\/wp-json\/wp\/v2\/posts\/5688\/revisions"}],"predecessor-version":[{"id":18379,"href":"https:\/\/ufpr.br\/propg\/wp-json\/wp\/v2\/posts\/5688\/revisions\/18379"}],"wp:attachment":[{"href":"https:\/\/ufpr.br\/propg\/wp-json\/wp\/v2\/media?parent=5688"}],"wp:term":[{"taxonomy":"category","embeddable":true,"href":"https:\/\/ufpr.br\/propg\/wp-json\/wp\/v2\/categories?post=5688"},{"taxonomy":"post_tag","embeddable":true,"href":"https:\/\/ufpr.br\/propg\/wp-json\/wp\/v2\/tags?post=5688"}],"curies":[{"name":"wp","href":"https:\/\/api.w.org\/{rel}","templated":true}]}}