{"id":5685,"date":"2018-03-12T17:13:24","date_gmt":"2018-03-12T20:13:24","guid":{"rendered":"https:\/\/ufpr.br\/cronograma-disciplina-transversal-metodos-estatisticos-em-pesquisa-cientifica"},"modified":"2025-11-28T14:59:51","modified_gmt":"2025-11-28T17:59:51","slug":"cronograma-disciplina-transversal-metodos-estatisticos-em-pesquisa-cientifica","status":"publish","type":"post","link":"https:\/\/ufpr.br\/propg\/cronograma-disciplina-transversal-metodos-estatisticos-em-pesquisa-cientifica\/","title":{"rendered":"[Cronograma ] Disciplina Transversal M\u00e9todos Estat\u00edsticos em Pesquisa Cient\u00edfica"},"content":{"rendered":"\n<p>Cronograma das aulas<\/p>\n\n\n\n<p>As aulas ser\u00e3o ministradas \u00e0s quartas-feiras das 14h as 18h nos dias 21\/03, 28\/03, 04\/04, 11\/04, 18\/04, 02\/05, 09\/05, 23\/05, 30\/05, 06\/06, 13\/06, 20\/06 e 27\/06\/2018; al\u00e9m dos dias 04 e 11\/07\/2018:<\/p>\n\n\n\n<p>&nbsp;<\/p>\n\n\n\n<figure class=\"wp-block-table is-style-stripes\"><table class=\"has-fixed-layout\"><thead><tr><th>Data<\/th><th>Hor\u00e1rio<\/th><th>Dia da Semana<\/th><\/tr><\/thead><tbody><tr><td><strong>21\/mar\/18<\/strong><\/td><td>das 14h as 18h<\/td><td>quarta-feira<\/td><\/tr><tr><td><strong>28\/mar\/18<\/strong><\/td><td>das 14h as 18h<\/td><td>quarta-feira<\/td><\/tr><tr><td><strong>04\/abr\/18<\/strong><\/td><td>das 14h as 18h<\/td><td>quarta-feira<\/td><\/tr><tr><td><strong>11\/abr\/18<\/strong><\/td><td>das 14h as 18h<\/td><td>quarta-feira<\/td><\/tr><tr><td><strong>18\/abr\/18<\/strong><\/td><td>das 14h as 18h<\/td><td>quarta-feira<\/td><\/tr><tr><td><strong>25\/abr\/18<\/strong><\/td><td>n\u00e3o haver\u00e1 aula<\/td><td>n\u00e3o haver\u00e1 aula<\/td><\/tr><tr><td><strong>02\/mai\/18<\/strong><\/td><td>das 14h as 18h<\/td><td>quarta-feira<\/td><\/tr><tr><td><strong>09\/mai\/18<\/strong><\/td><td>das 14h as 18h<\/td><td>quarta-feira<\/td><\/tr><tr><td><strong>16\/mai\/18<\/strong><\/td><td>n\u00e3o haver\u00e1 aula<\/td><td>n\u00e3o haver\u00e1 aula<\/td><\/tr><tr><td><strong>23\/mai\/18<\/strong><\/td><td>das 14h as 18h<\/td><td>quarta-feira<\/td><\/tr><tr><td><strong>30\/mai\/18<\/strong><\/td><td>das 14h as 18h<\/td><td>quarta-feira<\/td><\/tr><tr><td><strong>06\/jun\/18<\/strong><\/td><td>das 14h as 18h<\/td><td>quarta-feira<\/td><\/tr><tr><td><strong>13\/jun\/18<\/strong><\/td><td>das 14h as 18h<\/td><td>quarta-feira<\/td><\/tr><tr><td><strong>20\/jun\/18<\/strong><\/td><td>das 14h as 18h<\/td><td>quarta-feira<\/td><\/tr><tr><td><strong>27\/jun\/18<\/strong><\/td><td>das 14h as 18h<\/td><td>quarta-feira<\/td><\/tr><tr><td><strong>04\/jul\/18<\/strong><\/td><td>das 14h as 18h<\/td><td>quarta-feira<\/td><\/tr><tr><td><strong>11\/jul\/18<\/strong><\/td><td>das 14h as 18h<\/td><td>quarta-feira<\/td><\/tr><\/tbody><\/table><\/figure>\n\n\n\n<p>Local: <strong>Audit\u00f3rio Professor Ulysses de Campos<\/strong> &#8211; Setor de Ci\u00eancias Sociais Aplicadas (Av. Prefeito Loth\u00e1rio Meissner, 632 &#8211; Campus Bot\u00e2nico)<\/p>\n\n\n\n<p>&nbsp;<\/p>\n\n\n\n<p>Docente respons\u00e1vel:&nbsp;Prof. Dr. <strong>Paulo Justiniano Ribeiro Junior<\/strong>, do&nbsp;Departamento de Estat\u00edstica da UFPR e Coordenador do LEG &#8211; Laborat\u00f3rio de Estat\u00edstica e&nbsp;Geoinforma\u00e7\u00e3o.<\/p>\n\n\n\n<p>&nbsp;<\/p>\n","protected":false},"excerpt":{"rendered":"<p>Cronograma das aulas As aulas ser\u00e3o ministradas \u00e0s quartas-feiras das 14h as 18h nos dias 21\/03, 28\/03, 04\/04, 11\/04, 18\/04, 02\/05, 09\/05, 23\/05, 30\/05, 06\/06, 13\/06, 20\/06 e 27\/06\/2018; al\u00e9m dos dias 04 e 11\/07\/2018: &nbsp; Data Hor\u00e1rio Dia da Semana 21\/mar\/18 das 14h as 18h quarta-feira 28\/mar\/18 das 14h as 18h quarta-feira 04\/abr\/18 das [&hellip;]<\/p>\n","protected":false},"author":16,"featured_media":0,"comment_status":"open","ping_status":"open","sticky":false,"template":"","format":"standard","meta":{"footnotes":""},"categories":[386],"tags":[],"class_list":["post-5685","post","type-post","status-publish","format-standard","hentry","category-mestrado-e-doutorado"],"_links":{"self":[{"href":"https:\/\/ufpr.br\/propg\/wp-json\/wp\/v2\/posts\/5685","targetHints":{"allow":["GET"]}}],"collection":[{"href":"https:\/\/ufpr.br\/propg\/wp-json\/wp\/v2\/posts"}],"about":[{"href":"https:\/\/ufpr.br\/propg\/wp-json\/wp\/v2\/types\/post"}],"author":[{"embeddable":true,"href":"https:\/\/ufpr.br\/propg\/wp-json\/wp\/v2\/users\/16"}],"replies":[{"embeddable":true,"href":"https:\/\/ufpr.br\/propg\/wp-json\/wp\/v2\/comments?post=5685"}],"version-history":[{"count":3,"href":"https:\/\/ufpr.br\/propg\/wp-json\/wp\/v2\/posts\/5685\/revisions"}],"predecessor-version":[{"id":18381,"href":"https:\/\/ufpr.br\/propg\/wp-json\/wp\/v2\/posts\/5685\/revisions\/18381"}],"wp:attachment":[{"href":"https:\/\/ufpr.br\/propg\/wp-json\/wp\/v2\/media?parent=5685"}],"wp:term":[{"taxonomy":"category","embeddable":true,"href":"https:\/\/ufpr.br\/propg\/wp-json\/wp\/v2\/categories?post=5685"},{"taxonomy":"post_tag","embeddable":true,"href":"https:\/\/ufpr.br\/propg\/wp-json\/wp\/v2\/tags?post=5685"}],"curies":[{"name":"wp","href":"https:\/\/api.w.org\/{rel}","templated":true}]}}