{"id":5681,"date":"2018-03-12T16:59:08","date_gmt":"2018-03-12T19:59:08","guid":{"rendered":"https:\/\/ufpr.br\/duvidas-frequentes-disciplina-transversal-de-metodos-estatisticos-em-pesquisa-cientifica"},"modified":"2025-11-28T15:00:04","modified_gmt":"2025-11-28T18:00:04","slug":"duvidas-frequentes-disciplina-transversal-de-metodos-estatisticos-em-pesquisa-cientifica","status":"publish","type":"post","link":"https:\/\/ufpr.br\/propg\/duvidas-frequentes-disciplina-transversal-de-metodos-estatisticos-em-pesquisa-cientifica\/","title":{"rendered":"[D\u00favidas frequentes] Disciplina transversal de M\u00e9todos Estat\u00edsticos em Pesquisa Cient\u00edfica"},"content":{"rendered":"\n<p>Acesse abaixo as respostas para as d\u00favidas frequentes referentes \u00e0&nbsp;Disciplina Transversal M\u00e9todos Estat\u00edsticos em Pesquisa Cient\u00edfica<\/p>\n\n\n\n<p><strong>\u00a0<\/strong>PERGUNTAS FREQUENTES<\/p>\n\n\n\n<p>&nbsp;<\/p>\n\n\n\n<figure class=\"wp-block-table is-style-stripes\"><table class=\"has-fixed-layout\"><thead><tr><th>Pergunta<\/th><th>Resposta<\/th><\/tr><\/thead><tbody><tr><td><strong>Qual o local das aulas presenciais?<\/strong><\/td><td>\n<div>\n<p style=\"text-align: justify;\">Local: Audit\u00f3rio Professor Ulysses de Campos &#8211; Setor de Ci\u00eancias Sociais Aplicadas (Av. Prefeito Loth\u00e1rio Meissner, 632 &#8211; Campus Bot\u00e2nico).<\/p>\n<\/div>\n<\/td><\/tr><tr><td><strong>Como fa\u00e7o para acessar o Moodle da modalidade remota?<\/strong><\/td><td><br><div style=\"text-align: justify;\">Copie e cole o seguinte endere\u00e7o em seu navegador:&nbsp;http:\/\/200.17.247.224<\/div><br><div style=\"text-align: justify;\">Certifique-se de garantir conex\u00e3o de alta velocidade, preferencialmente atrav\u00e9s de cabeamento (evitando utilizar wifi). Caso voc\u00ea tente acessar o conte\u00fado utilizando uma conex\u00e3o lenta, o Moodle e demais recursos interativos da aula poder\u00e3o n\u00e3o funcionar adequadamente.<\/div><br><\/td><\/tr><tr><td><strong>Para a modalidade remota \u00e9 necess\u00e1rio acompanhar as aulas no hor\u00e1rio em que s\u00e3o ministradas ou \u00e9 poss\u00edvel acess\u00e1-las em outro momento?<\/strong><\/td><td>Para a modalidade remota \u00e9 necess\u00e1rio assistir as aulas no mesmo hor\u00e1rio que a modalidade presencial: todas as quartas-feiras das 14 as 18h<\/td><\/tr><tr><td><strong>Qual o dia da semana e hor\u00e1rio das aulas?<\/strong><\/td><td>Quartas-feiras das 14 as 18h<\/td><\/tr><tr><td><strong>Como fa\u00e7o para me inscrever?<\/strong><\/td><td>O aluno que quiser cursar a disciplina dever\u00e1 observar as \u201ddisciplinas dispon\u00edveis\u201d e selecionar a disciplina de interesse, solicitando a matr\u00edcula. J\u00e1 o docente que tiver interesse em se inscrever dever\u00e1 acessar o portal do SIGA no menu \u201dDisciplinas\u201d.<\/td><\/tr><tr><td><strong>N\u00e3o consigo me inscrever, o que devo fazer?<\/strong><\/td><td>Entre em contato com o programa de p\u00f3s-gradua\u00e7\u00e3o a que est\u00e1 matriculado\/credenciado. O programa verificar\u00e1 se seu cadastro no SIGA est\u00e1 correto e atualizado. O PPG dever\u00e1 estar com o&nbsp;<strong>ano base 2018 vigente<\/strong>. Caso o problema persista, o pr\u00f3prio PPG abrir\u00e1 um chamado no SIGA.<\/td><\/tr><tr><td><strong>Posso mudar minha op\u00e7\u00e3o de remota para presencial ou de presencial para remota?<\/strong><\/td><td>N\u00e3o. Ap\u00f3s a homologa\u00e7\u00e3o das inscri\u00e7\u00f5es n\u00e3o \u00e9 poss\u00edvel fazer este tipo de altera\u00e7\u00e3o.<\/td><\/tr><tr><td><strong>Posso cancelar minha matr\u00edcula? At\u00e9 que data?<\/strong><\/td><td>\n<p style=\"text-align: justify;\">Sim, o cancelamento \u00e9 feito via SIGA pelo pr\u00f3prio discente at\u00e9 a data limite dispon\u00edvel no sistema.<\/p>\n<p style=\"text-align: justify;\">Caso seja necess\u00e1rio cancelamento da matr\u00edcula, a data limite para cancelamento dever\u00e1 respeitar o determinado pelo artigo 27 da Resolu\u00e7\u00e3o 32\/17-CEPE:<br>&#8220;Art. 27&nbsp; O cancelamento em uma ou mais disciplinas poder\u00e1 ocorrer durante a <strong>primeira metade de sua programa\u00e7\u00e3o, mediante justificativa e anu\u00eancia do orientador<\/strong>.&nbsp;Par\u00e1grafo \u00fanico. O pedido de cancelamento de matr\u00edcula em disciplina \u00e9 de responsabilidade do discente e ser\u00e1 efetuado na plataforma de gest\u00e3o acad\u00eamica da p\u00f3s-gradua\u00e7\u00e3o da UFPR da PRPPG.&#8221;<\/p>\n<\/td><\/tr><tr><td><strong>O aproveitamento de cr\u00e9ditos \u00e9 autom\u00e1tico? O PPG a que sou matriculado \u00e9 obrigado a aceitar todos os cr\u00e9ditos da disciplina?<\/strong><\/td><td>N\u00e3o, o aproveitamento dos cr\u00e9ditos depender\u00e1 do colegiado do programa de p\u00f3s-gradua\u00e7\u00e3o a que voc\u00ea est\u00e1 vinculado. \u00c9 compete ao Colegiado decidir sobre o aproveitamento de estudos e a equival\u00eancia de cr\u00e9ditos, conforme artigo 18 da Resolu\u00e7\u00e3o 32\/17-CEPE.<\/td><\/tr><tr><td><strong>Onde ser\u00e3o ministradas as aulas presenciais?<\/strong><\/td><td>No Audit\u00f3rio Professor Ulysses de Campos &#8211; Setor de Ci\u00eancias Sociais Aplicadas,&nbsp;&nbsp;Campus Bot\u00e2nico.&nbsp;&nbsp;Endere\u00e7o: Av. Prefeito Loth\u00e1rio Meissner, 632 &#8211; Jardim Bot\u00e2nico, Curitiba &#8211; PR<\/td><\/tr><tr><td><strong>Quem pode se inscrever para assistir a disciplina?<\/strong><\/td><td>Apenas alunos regularmente matriculados na p\u00f3s-gradua\u00e7\u00e3o e docentes credenciados na p\u00f3s-gradua\u00e7\u00e3o da UFPR<\/td><\/tr><tr><td><strong>Sou docente da UFPR mas n\u00e3o sou credenciado na p\u00f3s-gradua\u00e7\u00e3o, posso&nbsp;assistir a disciplina?<\/strong><\/td><td>N\u00e3o, apenas&nbsp;&nbsp;docentes credenciados na p\u00f3s-gradua\u00e7\u00e3o da UFPR poder\u00e3o se inscrever<\/td><\/tr><tr><td><strong>Sou aluno especial ou aluno ouvinte da p\u00f3s-gradua\u00e7\u00e3o, posso assistir a disciplina?<\/strong><\/td><td>N\u00e3o, apenas alunos regularmente matriculados na p\u00f3s-gradua\u00e7\u00e3o poder\u00e3o se inscrever<\/td><\/tr><tr><td><strong>O que devo levar para a aula? Quais os requisitos?<\/strong><\/td><td>Requisitos: Para a execu\u00e7\u00e3o das atividades presenciais da disciplina e avalia\u00e7\u00e3o, os alunos dever\u00e3o levar notebook, pads ou celular. Os alunos que optarem pela modalidade remota dever\u00e3o garantir uma boa velocidade de acesso (na fase de inscri\u00e7\u00e3o ser\u00e3o&nbsp; &nbsp;fornecidos par\u00e2metros).<\/td><\/tr><tr><td><strong>Qual a Ementa Ofertada?<\/strong><\/td><td>Fundamentos de estat\u00edstica, princ\u00edpios e \u00e1reas de aplica\u00e7\u00e3o.<br>M\u00e9todos descritivos<br>No\u00e7\u00f5es de probabilidades e vari\u00e1veis aleat\u00f3rias<br>Amostragem, modelagem e infer\u00eancia estat\u00edstica.<br>Estudos de caso em aplica\u00e7\u00f5es de estat\u00edstica.<\/td><\/tr><tr><td><strong>Qual a Bibliografia Ofertada?<\/strong><\/td><td>Bussab, W &amp; Morettin, P. Estat\u00edstica B\u00e1sica.&nbsp;&nbsp;Saraiva. 9a edi\u00e7\u00e3o (2017).<br>Magalh\u00e3es, M &amp; Lima, A. No\u00e7\u00f5es de probabilidade e estat\u00edstica.&nbsp;EDUSP. 7a Edi\u00e7\u00e3o (2015)<br>Speed, T. &amp; Nolan, D. STAT LABS: Mathematical Statistics Through Applications. Springer. (2000)<br>Diggle P.&nbsp;&nbsp;&amp; Chetwynd A. Statistics and Scientific Method. An Introduction for Students and Researchers.&nbsp;Oxford University Press (2011)<\/td><\/tr><tr><td><strong>Qual o cronograma previsto para as aulas?<\/strong><\/td><td><u>[Cronograma ] Disciplina Transversal M\u00e9todos Estat\u00edsticos em Pesquisa Cient\u00edfica<\/u><\/td><\/tr><\/tbody><\/table><\/figure>\n\n\n\n<p>&nbsp;<\/p>\n","protected":false},"excerpt":{"rendered":"<p>Acesse abaixo as respostas para as d\u00favidas frequentes referentes \u00e0&nbsp;Disciplina Transversal M\u00e9todos Estat\u00edsticos em Pesquisa Cient\u00edfica \u00a0PERGUNTAS FREQUENTES &nbsp; Pergunta Resposta Qual o local das aulas presenciais? Local: Audit\u00f3rio Professor Ulysses de Campos &#8211; Setor de Ci\u00eancias Sociais Aplicadas (Av. Prefeito Loth\u00e1rio Meissner, 632 &#8211; Campus Bot\u00e2nico). Como fa\u00e7o para acessar o Moodle da modalidade [&hellip;]<\/p>\n","protected":false},"author":16,"featured_media":0,"comment_status":"open","ping_status":"open","sticky":false,"template":"","format":"standard","meta":{"footnotes":""},"categories":[386],"tags":[],"class_list":["post-5681","post","type-post","status-publish","format-standard","hentry","category-mestrado-e-doutorado"],"_links":{"self":[{"href":"https:\/\/ufpr.br\/propg\/wp-json\/wp\/v2\/posts\/5681","targetHints":{"allow":["GET"]}}],"collection":[{"href":"https:\/\/ufpr.br\/propg\/wp-json\/wp\/v2\/posts"}],"about":[{"href":"https:\/\/ufpr.br\/propg\/wp-json\/wp\/v2\/types\/post"}],"author":[{"embeddable":true,"href":"https:\/\/ufpr.br\/propg\/wp-json\/wp\/v2\/users\/16"}],"replies":[{"embeddable":true,"href":"https:\/\/ufpr.br\/propg\/wp-json\/wp\/v2\/comments?post=5681"}],"version-history":[{"count":3,"href":"https:\/\/ufpr.br\/propg\/wp-json\/wp\/v2\/posts\/5681\/revisions"}],"predecessor-version":[{"id":18382,"href":"https:\/\/ufpr.br\/propg\/wp-json\/wp\/v2\/posts\/5681\/revisions\/18382"}],"wp:attachment":[{"href":"https:\/\/ufpr.br\/propg\/wp-json\/wp\/v2\/media?parent=5681"}],"wp:term":[{"taxonomy":"category","embeddable":true,"href":"https:\/\/ufpr.br\/propg\/wp-json\/wp\/v2\/categories?post=5681"},{"taxonomy":"post_tag","embeddable":true,"href":"https:\/\/ufpr.br\/propg\/wp-json\/wp\/v2\/tags?post=5681"}],"curies":[{"name":"wp","href":"https:\/\/api.w.org\/{rel}","templated":true}]}}