{"id":5636,"date":"2018-03-09T11:01:34","date_gmt":"2018-03-09T14:01:34","guid":{"rendered":"https:\/\/ufpr.br\/inscricoes-prorrogadas-ate-16-03-2018-edital-2018"},"modified":"2025-11-28T15:00:19","modified_gmt":"2025-11-28T18:00:19","slug":"inscricoes-prorrogadas-ate-16-03-2018-edital-2018","status":"publish","type":"post","link":"https:\/\/ufpr.br\/propg\/inscricoes-prorrogadas-ate-16-03-2018-edital-2018\/","title":{"rendered":"[Edital 2018] Inscri\u00e7\u00f5es Prorrogadas at\u00e9 16\/03\/2018"},"content":{"rendered":"\n<p>Prezados(as) Professores(as)<\/p>\n\n\n\n<p>A Coordenadoria de Inicia\u00e7\u00e3o Cient\u00edfica e Integra\u00e7\u00e3o Acad\u00eamica informa que as inscri\u00e7\u00f5es de professores no Edital 2018 de Inicia\u00e7\u00e3o Cient\u00edfica, foram&nbsp;<strong>PRORROGADAS at\u00e9 16\/03\/2018<\/strong>.<\/p>\n\n\n\n<p>*** LINK PARA INSCRI\u00c7\u00c3O:\u00a0https:\/\/www.prppg.ufpr.br\/sict\/inscricao<span id=\"OBJ_PREFIX_DWT303_com_zimbra_url\" class=\"Object\"><span id=\"OBJ_PREFIX_DWT313_com_zimbra_url\" class=\"Object\"><\/span><\/span><\/p>\n\n\n\n<p>O Edital 2018 e o Caderno de Normas est\u00e3o dispon\u00edveis em\u00a0<a href=\"https:\/\/ufpr.br\/propg\/ict\/editais-pibic-pibiti\/\">https:\/\/ufpr.br\/propg\/ict\/editais-pibic-pibiti\/<\/a><span id=\"OBJ_PREFIX_DWT305_com_zimbra_url\" class=\"Object\"><span id=\"OBJ_PREFIX_DWT315_com_zimbra_url\" class=\"Object\"><\/span><\/span><\/p>\n\n\n\n<p>O registro de um novo projeto de pesquisa e\/ou altera\u00e7\u00e3o de dados de um projeto existente \u00e9 feito diretamente atrav\u00e9s da atualiza\u00e7\u00e3o do curr\u00edculo lattes do pesquisador coordenador do projeto e\/ou dos demais membros da equipe do projeto, sendo ent\u00e3o refletido na base de dados da UFPR, mediante procedimento dispon\u00edvel na p\u00e1gina da\u00a0\u00a0Coordenadoria de Pesquisa e Desenvolvimento da Ci\u00eancia e Tecnologia\u00a0da PRPPG no link\u00a0<span id=\"m_-7284427773607929997OBJ_PREFIX_DWT6097_com_zimbra_url\" class=\"m_-7284427773607929997Object\"><span id=\"OBJ_PREFIX_DWT306_com_zimbra_url\" class=\"Object\"><span id=\"OBJ_PREFIX_DWT316_com_zimbra_url\" class=\"Object\">https:\/\/www.prppg.ufpr.br\/site\/pesquisa\/banpesq_thales\/<\/span><\/span>\u00a0(Conforme item 2.3.1 do Edital 2018).<\/span><\/p>\n","protected":false},"excerpt":{"rendered":"<p>Prezados(as) Professores(as) A Coordenadoria de Inicia\u00e7\u00e3o Cient\u00edfica e Integra\u00e7\u00e3o Acad\u00eamica informa que as inscri\u00e7\u00f5es de professores no Edital 2018 de Inicia\u00e7\u00e3o Cient\u00edfica, foram&nbsp;PRORROGADAS at\u00e9 16\/03\/2018. *** LINK PARA INSCRI\u00c7\u00c3O:\u00a0https:\/\/www.prppg.ufpr.br\/sict\/inscricao O Edital 2018 e o Caderno de Normas est\u00e3o dispon\u00edveis em\u00a0https:\/\/ufpr.br\/propg\/ict\/editais-pibic-pibiti\/ O registro de um novo projeto de pesquisa e\/ou altera\u00e7\u00e3o de dados de um projeto [&hellip;]<\/p>\n","protected":false},"author":17,"featured_media":0,"comment_status":"open","ping_status":"open","sticky":false,"template":"","format":"standard","meta":{"footnotes":""},"categories":[381,384],"tags":[],"class_list":["post-5636","post","type-post","status-publish","format-standard","hentry","category-editais-e-processos-seletivos","category-iniciacao-cientifica-e-tecnologica"],"_links":{"self":[{"href":"https:\/\/ufpr.br\/propg\/wp-json\/wp\/v2\/posts\/5636","targetHints":{"allow":["GET"]}}],"collection":[{"href":"https:\/\/ufpr.br\/propg\/wp-json\/wp\/v2\/posts"}],"about":[{"href":"https:\/\/ufpr.br\/propg\/wp-json\/wp\/v2\/types\/post"}],"author":[{"embeddable":true,"href":"https:\/\/ufpr.br\/propg\/wp-json\/wp\/v2\/users\/17"}],"replies":[{"embeddable":true,"href":"https:\/\/ufpr.br\/propg\/wp-json\/wp\/v2\/comments?post=5636"}],"version-history":[{"count":4,"href":"https:\/\/ufpr.br\/propg\/wp-json\/wp\/v2\/posts\/5636\/revisions"}],"predecessor-version":[{"id":18384,"href":"https:\/\/ufpr.br\/propg\/wp-json\/wp\/v2\/posts\/5636\/revisions\/18384"}],"wp:attachment":[{"href":"https:\/\/ufpr.br\/propg\/wp-json\/wp\/v2\/media?parent=5636"}],"wp:term":[{"taxonomy":"category","embeddable":true,"href":"https:\/\/ufpr.br\/propg\/wp-json\/wp\/v2\/categories?post=5636"},{"taxonomy":"post_tag","embeddable":true,"href":"https:\/\/ufpr.br\/propg\/wp-json\/wp\/v2\/tags?post=5636"}],"curies":[{"name":"wp","href":"https:\/\/api.w.org\/{rel}","templated":true}]}}