{"id":5482,"date":"2018-01-09T11:47:28","date_gmt":"2018-01-09T13:47:28","guid":{"rendered":"https:\/\/ufpr.br\/processo-seletivo-mestrado-em-bioinformatica-2018"},"modified":"2025-11-28T14:53:22","modified_gmt":"2025-11-28T17:53:22","slug":"processo-seletivo-mestrado-em-bioinformatica-2018","status":"publish","type":"post","link":"https:\/\/ufpr.br\/propg\/processo-seletivo-mestrado-em-bioinformatica-2018\/","title":{"rendered":"[Processo Seletivo] Mestrado em Bioinform\u00e1tica 2018"},"content":{"rendered":"\n<p>Est\u00e1 aberto o processo seletivo para o mestrado em <a href=\"http:\/\/www.bioinfo.ufpr.br\" target=\"_blank\" rel=\"noreferrer noopener\">Bioinform\u00e1tica<\/a> para in\u00edcio em 19\/03\/2018.<\/p>\n\n\n\n<p>As inscri\u00e7\u00f5es para o processo seletivo ser\u00e3o realizadas de 15\/01\/2018 a 19\/02\/2018.<\/p>\n\n\n\n<p>Confira o edital e todas as informa\u00e7\u00f5es sobre o processo seletivo na p\u00e1gina do programa: www.bioinfo.ufpr.br (aba &#8220;ADMISS\u00c3O &#8211; Inscri\u00e7\u00f5es&#8221;).<br>As inscri\u00e7\u00f5es, no entanto, ser\u00e3o feitas diretamente atrav\u00e9s da Plataforma Acad\u00eamica SIGA, cujo link somente estar\u00e1 dispon\u00edvel a partir do dia 15\/01\/2018.<\/p>\n\n\n\n<p>O programa orienta aos candidatos interessados que solicitem o link de inscri\u00e7\u00e3o do SIGA atrav\u00e9s do e-mail bioinfocoord@gmail.com<\/p>\n","protected":false},"excerpt":{"rendered":"<p>Est\u00e1 aberto o processo seletivo para o mestrado em Bioinform\u00e1tica para in\u00edcio em 19\/03\/2018. As inscri\u00e7\u00f5es para o processo seletivo ser\u00e3o realizadas de 15\/01\/2018 a 19\/02\/2018. Confira o edital e todas as informa\u00e7\u00f5es sobre o processo seletivo na p\u00e1gina do programa: www.bioinfo.ufpr.br (aba &#8220;ADMISS\u00c3O &#8211; Inscri\u00e7\u00f5es&#8221;).As inscri\u00e7\u00f5es, no entanto, ser\u00e3o feitas diretamente atrav\u00e9s da Plataforma [&hellip;]<\/p>\n","protected":false},"author":16,"featured_media":0,"comment_status":"open","ping_status":"open","sticky":false,"template":"","format":"standard","meta":{"footnotes":""},"categories":[381,386],"tags":[],"class_list":["post-5482","post","type-post","status-publish","format-standard","hentry","category-editais-e-processos-seletivos","category-mestrado-e-doutorado"],"_links":{"self":[{"href":"https:\/\/ufpr.br\/propg\/wp-json\/wp\/v2\/posts\/5482","targetHints":{"allow":["GET"]}}],"collection":[{"href":"https:\/\/ufpr.br\/propg\/wp-json\/wp\/v2\/posts"}],"about":[{"href":"https:\/\/ufpr.br\/propg\/wp-json\/wp\/v2\/types\/post"}],"author":[{"embeddable":true,"href":"https:\/\/ufpr.br\/propg\/wp-json\/wp\/v2\/users\/16"}],"replies":[{"embeddable":true,"href":"https:\/\/ufpr.br\/propg\/wp-json\/wp\/v2\/comments?post=5482"}],"version-history":[{"count":3,"href":"https:\/\/ufpr.br\/propg\/wp-json\/wp\/v2\/posts\/5482\/revisions"}],"predecessor-version":[{"id":18355,"href":"https:\/\/ufpr.br\/propg\/wp-json\/wp\/v2\/posts\/5482\/revisions\/18355"}],"wp:attachment":[{"href":"https:\/\/ufpr.br\/propg\/wp-json\/wp\/v2\/media?parent=5482"}],"wp:term":[{"taxonomy":"category","embeddable":true,"href":"https:\/\/ufpr.br\/propg\/wp-json\/wp\/v2\/categories?post=5482"},{"taxonomy":"post_tag","embeddable":true,"href":"https:\/\/ufpr.br\/propg\/wp-json\/wp\/v2\/tags?post=5482"}],"curies":[{"name":"wp","href":"https:\/\/api.w.org\/{rel}","templated":true}]}}