{"id":5355,"date":"2017-11-06T09:29:01","date_gmt":"2017-11-06T11:29:01","guid":{"rendered":"https:\/\/ufpr.br\/a-internacionalizacao-na-universidade-brasileira-resultados-do-questionario-aplicado-pela-capes"},"modified":"2025-11-28T14:35:16","modified_gmt":"2025-11-28T17:35:16","slug":"a-internacionalizacao-na-universidade-brasileira-resultados-do-questionario-aplicado-pela-capes","status":"publish","type":"post","link":"https:\/\/ufpr.br\/propg\/a-internacionalizacao-na-universidade-brasileira-resultados-do-questionario-aplicado-pela-capes\/","title":{"rendered":"A internacionaliza\u00e7\u00e3o na Universidade Brasileira: resultados do question\u00e1rio aplicado pela Capes"},"content":{"rendered":"\n<p><strong>Internacionaliza\u00e7\u00e3o do ensino superior precisa avan\u00e7ar, sugere estudo da CAPES<\/strong><\/p>\n\n\n\n<p>O processo de internacionaliza\u00e7\u00e3o das institui\u00e7\u00f5es de ensino superior (IES) brasileiras avan\u00e7ou nos \u00faltimos anos, mas s\u00e3o necess\u00e1rios ajustes para torn\u00e1-lo mais eficiente. Essa \u00e9 uma das conclus\u00f5es apresentadas pelo relat\u00f3rio &nbsp;<a href=\"http:\/\/capes.gov.br\/images\/stories\/download\/diversos\/A-internacionalizacao-nas-IES-brasileiras.pdf\" target=\"_blank\" rel=\"noopener\">A internacionaliza\u00e7\u00e3o na Universidade Brasileira: Resultados do Question\u00e1rio Aplicado pela CAPES<\/a>, elaborado pela Diretoria de Rela\u00e7\u00f5es Internacionais (DRI) da Coordena\u00e7\u00e3o de Aperfei\u00e7oamento de Pessoal de N\u00edvel Superior (CAPES).<\/p>\n\n\n\n<p>Leia a <a href=\"http:\/\/capes.gov.br\/sala-de-imprensa\/noticias\/8621-internacionalizacao-do-ensino-superior-precisa-avancar-sugere-estudo-da-capes\" target=\"_blank\" rel=\"noreferrer noopener\">not\u00edcia na \u00edntegra<\/a>. Acesse o <a href=\"http:\/\/capes.gov.br\/images\/stories\/download\/diversos\/A-internacionalizacao-nas-IES-brasileiras.pdf\" target=\"_blank\" rel=\"noreferrer noopener\">relat\u00f3rio<\/a>.<\/p>\n\n\n\n<p><\/p>\n","protected":false},"excerpt":{"rendered":"<p>Internacionaliza\u00e7\u00e3o do ensino superior precisa avan\u00e7ar, sugere estudo da CAPES O processo de internacionaliza\u00e7\u00e3o das institui\u00e7\u00f5es de ensino superior (IES) brasileiras avan\u00e7ou nos \u00faltimos anos, mas s\u00e3o necess\u00e1rios ajustes para torn\u00e1-lo mais eficiente. Essa \u00e9 uma das conclus\u00f5es apresentadas pelo relat\u00f3rio &nbsp;A internacionaliza\u00e7\u00e3o na Universidade Brasileira: Resultados do Question\u00e1rio Aplicado pela CAPES, elaborado pela Diretoria [&hellip;]<\/p>\n","protected":false},"author":16,"featured_media":0,"comment_status":"open","ping_status":"open","sticky":false,"template":"","format":"standard","meta":{"footnotes":""},"categories":[385,386],"tags":[],"class_list":["post-5355","post","type-post","status-publish","format-standard","hentry","category-internacionalizacao","category-mestrado-e-doutorado"],"_links":{"self":[{"href":"https:\/\/ufpr.br\/propg\/wp-json\/wp\/v2\/posts\/5355","targetHints":{"allow":["GET"]}}],"collection":[{"href":"https:\/\/ufpr.br\/propg\/wp-json\/wp\/v2\/posts"}],"about":[{"href":"https:\/\/ufpr.br\/propg\/wp-json\/wp\/v2\/types\/post"}],"author":[{"embeddable":true,"href":"https:\/\/ufpr.br\/propg\/wp-json\/wp\/v2\/users\/16"}],"replies":[{"embeddable":true,"href":"https:\/\/ufpr.br\/propg\/wp-json\/wp\/v2\/comments?post=5355"}],"version-history":[{"count":3,"href":"https:\/\/ufpr.br\/propg\/wp-json\/wp\/v2\/posts\/5355\/revisions"}],"predecessor-version":[{"id":18334,"href":"https:\/\/ufpr.br\/propg\/wp-json\/wp\/v2\/posts\/5355\/revisions\/18334"}],"wp:attachment":[{"href":"https:\/\/ufpr.br\/propg\/wp-json\/wp\/v2\/media?parent=5355"}],"wp:term":[{"taxonomy":"category","embeddable":true,"href":"https:\/\/ufpr.br\/propg\/wp-json\/wp\/v2\/categories?post=5355"},{"taxonomy":"post_tag","embeddable":true,"href":"https:\/\/ufpr.br\/propg\/wp-json\/wp\/v2\/tags?post=5355"}],"curies":[{"name":"wp","href":"https:\/\/api.w.org\/{rel}","templated":true}]}}