{"id":5347,"date":"2017-10-26T07:17:29","date_gmt":"2017-10-26T09:17:29","guid":{"rendered":"https:\/\/ufpr.br\/processo-seletivo-mestrado-em-direito"},"modified":"2025-11-28T14:32:12","modified_gmt":"2025-11-28T17:32:12","slug":"processo-seletivo-mestrado-em-direito","status":"publish","type":"post","link":"https:\/\/ufpr.br\/propg\/processo-seletivo-mestrado-em-direito\/","title":{"rendered":"[Processo Seletivo] Mestrado em Direito"},"content":{"rendered":"\n<p>Est\u00e1 aberto o processo seletivo para mestrado em <strong><a href=\"http:\/\/www.ppgd.ufpr.br\/portal\/\" target=\"_blank\" rel=\"noopener\">Direito<\/a><\/strong> para in\u00edcio em 2018.<\/p>\n\n\n\n<p>As inscri\u00e7\u00f5es para o Processo Seletivo ser\u00e3o de 23\/10\/2017 a 12\/11\/2017.<\/p>\n\n\n\n<p>Confira o edital e todas as informa\u00e7\u00f5es sobre o processo seletivo na p\u00e1gina do programa: <a href=\"http:\/\/www.ppgd.ufpr.br\/portal\/index.php\/2017\/10\/20\/mestrado-2018\" target=\"_blank\" rel=\"noopener\">http:\/\/www.ppgd.ufpr.br\/portal\/index.php\/2017\/10\/20\/mestrado-2018<\/a><\/p>\n\n\n\n<p><\/p>\n","protected":false},"excerpt":{"rendered":"<p>Est\u00e1 aberto o processo seletivo para mestrado em Direito para in\u00edcio em 2018. As inscri\u00e7\u00f5es para o Processo Seletivo ser\u00e3o de 23\/10\/2017 a 12\/11\/2017. Confira o edital e todas as informa\u00e7\u00f5es sobre o processo seletivo na p\u00e1gina do programa: http:\/\/www.ppgd.ufpr.br\/portal\/index.php\/2017\/10\/20\/mestrado-2018<\/p>\n","protected":false},"author":16,"featured_media":0,"comment_status":"open","ping_status":"open","sticky":false,"template":"","format":"standard","meta":{"footnotes":""},"categories":[381,386],"tags":[],"class_list":["post-5347","post","type-post","status-publish","format-standard","hentry","category-editais-e-processos-seletivos","category-mestrado-e-doutorado"],"_links":{"self":[{"href":"https:\/\/ufpr.br\/propg\/wp-json\/wp\/v2\/posts\/5347","targetHints":{"allow":["GET"]}}],"collection":[{"href":"https:\/\/ufpr.br\/propg\/wp-json\/wp\/v2\/posts"}],"about":[{"href":"https:\/\/ufpr.br\/propg\/wp-json\/wp\/v2\/types\/post"}],"author":[{"embeddable":true,"href":"https:\/\/ufpr.br\/propg\/wp-json\/wp\/v2\/users\/16"}],"replies":[{"embeddable":true,"href":"https:\/\/ufpr.br\/propg\/wp-json\/wp\/v2\/comments?post=5347"}],"version-history":[{"count":3,"href":"https:\/\/ufpr.br\/propg\/wp-json\/wp\/v2\/posts\/5347\/revisions"}],"predecessor-version":[{"id":18311,"href":"https:\/\/ufpr.br\/propg\/wp-json\/wp\/v2\/posts\/5347\/revisions\/18311"}],"wp:attachment":[{"href":"https:\/\/ufpr.br\/propg\/wp-json\/wp\/v2\/media?parent=5347"}],"wp:term":[{"taxonomy":"category","embeddable":true,"href":"https:\/\/ufpr.br\/propg\/wp-json\/wp\/v2\/categories?post=5347"},{"taxonomy":"post_tag","embeddable":true,"href":"https:\/\/ufpr.br\/propg\/wp-json\/wp\/v2\/tags?post=5347"}],"curies":[{"name":"wp","href":"https:\/\/api.w.org\/{rel}","templated":true}]}}