{"id":5279,"date":"2017-10-05T09:37:57","date_gmt":"2017-10-05T12:37:57","guid":{"rendered":"https:\/\/ufpr.br\/processo-seletivo-mestrado-e-doutorado-em-geografia"},"modified":"2025-11-28T14:33:39","modified_gmt":"2025-11-28T17:33:39","slug":"processo-seletivo-mestrado-e-doutorado-em-geografia","status":"publish","type":"post","link":"https:\/\/ufpr.br\/propg\/processo-seletivo-mestrado-e-doutorado-em-geografia\/","title":{"rendered":"[Processo Seletivo] Mestrado e Doutorado em Geografia"},"content":{"rendered":"\n<p>O processo seletivo do <a href=\"http:\/\/www.ppggeografia.ufpr.br\" target=\"_blank\" rel=\"noopener\">Programa de P\u00f3s Gradua\u00e7\u00e3o em Geografia<\/a> est\u00e1 aberto para os cursos de mestrado e doutorado. O programa \u00e9 avaliado com nota 6 pela CAPES e tem atra\u00eddo um grande n\u00famero de candidatos de todo o Brasil e tamb\u00e9m do exterior.<\/p>\n\n\n\n<p>Uma das etapas do processo para ambos os cursos \u00e9 a defesa do projeto de pesquisa, que dever\u00e1 estar em conson\u00e2ncia com os eixos tem\u00e1ticos da linha de pesquisa escolhida pelo candidato.<\/p>\n\n\n\n<p>As inscri\u00e7\u00f5es para o Processo Seletivo ser\u00e3o de <strong>03\/10\/2017 a 25\/10\/2017<\/strong>.<\/p>\n\n\n\n<p>Para consultar o Edital completo do Processo Seletivo acesse a p\u00e1gina do programa: <a href=\"http:\/\/www.ppggeografia.ufpr.br\" target=\"_blank\" rel=\"noopener\">http:\/\/www.ppggeografia.ufpr.br<\/a><\/p>\n\n\n\n<p><\/p>\n","protected":false},"excerpt":{"rendered":"<p>O processo seletivo do Programa de P\u00f3s Gradua\u00e7\u00e3o em Geografia est\u00e1 aberto para os cursos de mestrado e doutorado. O programa \u00e9 avaliado com nota 6 pela CAPES e tem atra\u00eddo um grande n\u00famero de candidatos de todo o Brasil e tamb\u00e9m do exterior. Uma das etapas do processo para ambos os cursos \u00e9 a [&hellip;]<\/p>\n","protected":false},"author":16,"featured_media":0,"comment_status":"open","ping_status":"open","sticky":false,"template":"","format":"standard","meta":{"footnotes":""},"categories":[381,386],"tags":[],"class_list":["post-5279","post","type-post","status-publish","format-standard","hentry","category-editais-e-processos-seletivos","category-mestrado-e-doutorado"],"_links":{"self":[{"href":"https:\/\/ufpr.br\/propg\/wp-json\/wp\/v2\/posts\/5279","targetHints":{"allow":["GET"]}}],"collection":[{"href":"https:\/\/ufpr.br\/propg\/wp-json\/wp\/v2\/posts"}],"about":[{"href":"https:\/\/ufpr.br\/propg\/wp-json\/wp\/v2\/types\/post"}],"author":[{"embeddable":true,"href":"https:\/\/ufpr.br\/propg\/wp-json\/wp\/v2\/users\/16"}],"replies":[{"embeddable":true,"href":"https:\/\/ufpr.br\/propg\/wp-json\/wp\/v2\/comments?post=5279"}],"version-history":[{"count":3,"href":"https:\/\/ufpr.br\/propg\/wp-json\/wp\/v2\/posts\/5279\/revisions"}],"predecessor-version":[{"id":18325,"href":"https:\/\/ufpr.br\/propg\/wp-json\/wp\/v2\/posts\/5279\/revisions\/18325"}],"wp:attachment":[{"href":"https:\/\/ufpr.br\/propg\/wp-json\/wp\/v2\/media?parent=5279"}],"wp:term":[{"taxonomy":"category","embeddable":true,"href":"https:\/\/ufpr.br\/propg\/wp-json\/wp\/v2\/categories?post=5279"},{"taxonomy":"post_tag","embeddable":true,"href":"https:\/\/ufpr.br\/propg\/wp-json\/wp\/v2\/tags?post=5279"}],"curies":[{"name":"wp","href":"https:\/\/api.w.org\/{rel}","templated":true}]}}