{"id":5277,"date":"2017-10-02T10:21:40","date_gmt":"2017-10-02T13:21:40","guid":{"rendered":"https:\/\/ufpr.br\/processo-seletivo-mestrado-e-doutorado-em-agronomia-producao-vegetal"},"modified":"2025-11-28T14:33:52","modified_gmt":"2025-11-28T17:33:52","slug":"processo-seletivo-mestrado-e-doutorado-em-agronomia-producao-vegetal","status":"publish","type":"post","link":"https:\/\/ufpr.br\/propg\/processo-seletivo-mestrado-e-doutorado-em-agronomia-producao-vegetal\/","title":{"rendered":"[Processo Seletivo] Mestrado e Doutorado em Agronomia: Produ\u00e7\u00e3o Vegetal"},"content":{"rendered":"\n<p>Est\u00e1 aberto o processo seletivo para mestrado e doutorado em <a href=\"http:\/\/www.pgapv.agrarias.ufpr.br\" target=\"_blank\" rel=\"noopener\"><strong>Agronomia: Produ\u00e7\u00e3o Vegetal<\/strong><\/a> da UFPR para in\u00edcio em 2018 (ingresso para o 1\u00ba e 2\u00ba semestres).<\/p>\n\n\n\n<p>As <strong>inscri\u00e7\u00f5es<\/strong> poder\u00e3o ser realizadas de <strong>02 a 27 de outubro de 2017<\/strong>. A prova de sele\u00e7\u00e3o ser\u00e1 realizada no dia 13 de novembro de 2017 as 08 horas, no Departamento de Fitotecnia e Fitossanitarismo do Setor de Ci\u00eancias Agr\u00e1rias.<\/p>\n\n\n\n<p>Confira o <a href=\"http:\/\/www.pgapv.agrarias.ufpr.br\/downloads\/editais\/004.17.pdf\" target=\"_blank\" rel=\"noreferrer noopener\">Edital 004\/2017<\/a> e todas as informa\u00e7\u00f5es sobre o processo seletivo na p\u00e1gina do programa: [<a href=\"http:\/\/www.pgapv.agrarias.ufpr.br\" target=\"_blank\" rel=\"noopener\">www.pgapv.agrarias.ufpr.br<\/a>]<\/p>\n\n\n\n<p><\/p>\n","protected":false},"excerpt":{"rendered":"<p>Est\u00e1 aberto o processo seletivo para mestrado e doutorado em Agronomia: Produ\u00e7\u00e3o Vegetal da UFPR para in\u00edcio em 2018 (ingresso para o 1\u00ba e 2\u00ba semestres). As inscri\u00e7\u00f5es poder\u00e3o ser realizadas de 02 a 27 de outubro de 2017. A prova de sele\u00e7\u00e3o ser\u00e1 realizada no dia 13 de novembro de 2017 as 08 horas, [&hellip;]<\/p>\n","protected":false},"author":16,"featured_media":0,"comment_status":"open","ping_status":"open","sticky":false,"template":"","format":"standard","meta":{"footnotes":""},"categories":[381,386],"tags":[],"class_list":["post-5277","post","type-post","status-publish","format-standard","hentry","category-editais-e-processos-seletivos","category-mestrado-e-doutorado"],"_links":{"self":[{"href":"https:\/\/ufpr.br\/propg\/wp-json\/wp\/v2\/posts\/5277","targetHints":{"allow":["GET"]}}],"collection":[{"href":"https:\/\/ufpr.br\/propg\/wp-json\/wp\/v2\/posts"}],"about":[{"href":"https:\/\/ufpr.br\/propg\/wp-json\/wp\/v2\/types\/post"}],"author":[{"embeddable":true,"href":"https:\/\/ufpr.br\/propg\/wp-json\/wp\/v2\/users\/16"}],"replies":[{"embeddable":true,"href":"https:\/\/ufpr.br\/propg\/wp-json\/wp\/v2\/comments?post=5277"}],"version-history":[{"count":3,"href":"https:\/\/ufpr.br\/propg\/wp-json\/wp\/v2\/posts\/5277\/revisions"}],"predecessor-version":[{"id":18327,"href":"https:\/\/ufpr.br\/propg\/wp-json\/wp\/v2\/posts\/5277\/revisions\/18327"}],"wp:attachment":[{"href":"https:\/\/ufpr.br\/propg\/wp-json\/wp\/v2\/media?parent=5277"}],"wp:term":[{"taxonomy":"category","embeddable":true,"href":"https:\/\/ufpr.br\/propg\/wp-json\/wp\/v2\/categories?post=5277"},{"taxonomy":"post_tag","embeddable":true,"href":"https:\/\/ufpr.br\/propg\/wp-json\/wp\/v2\/tags?post=5277"}],"curies":[{"name":"wp","href":"https:\/\/api.w.org\/{rel}","templated":true}]}}