{"id":5273,"date":"2017-09-28T12:39:22","date_gmt":"2017-09-28T15:39:22","guid":{"rendered":"https:\/\/ufpr.br\/processo-seletivo-mestrado-em-tocoginecologia"},"modified":"2025-11-28T14:28:42","modified_gmt":"2025-11-28T17:28:42","slug":"processo-seletivo-mestrado-em-tocoginecologia","status":"publish","type":"post","link":"https:\/\/ufpr.br\/propg\/processo-seletivo-mestrado-em-tocoginecologia\/","title":{"rendered":"[Processo Seletivo] Mestrado em Tocoginecologia"},"content":{"rendered":"\n<p>Est\u00e1 aberto o processo seletivo para a <strong>Turma 2018<\/strong> do mestrado em <a href=\"http:\/\/www.pgtoco.ufpr.br\" target=\"_blank\" rel=\"noopener\">Tocoginecologia<\/a> da UFPR. O per\u00edodo de inscri\u00e7\u00e3o ser\u00e1 de 02 de outubro a 10 de novembro de 2017, exclusivamente por meio de formul\u00e1rio eletr\u00f4nico dispon\u00edvel no site do programa.<\/p>\n\n\n\n<p>Confira o <a href=\"https:\/\/www.prppg.ufpr.br\/ppgtocoginecologia\/wp-content\/uploads\/2017\/09\/pgtoco-mestrado--edital-03-2017.pdf\" target=\"_blank\" rel=\"noopener\">Edital 03\/2017<\/a> e todas as informa\u00e7\u00f5es sobre o processo seletivo na p\u00e1gina do <a href=\"http:\/\/www.pgtoco.ufpr.br\" target=\"_blank\" rel=\"noopener\">Programa de P\u00f3s-gradua\u00e7\u00e3o em Tocoginecologia<\/a>.<\/p>\n\n\n\n<p><\/p>\n","protected":false},"excerpt":{"rendered":"<p>Est\u00e1 aberto o processo seletivo para a Turma 2018 do mestrado em Tocoginecologia da UFPR. O per\u00edodo de inscri\u00e7\u00e3o ser\u00e1 de 02 de outubro a 10 de novembro de 2017, exclusivamente por meio de formul\u00e1rio eletr\u00f4nico dispon\u00edvel no site do programa. Confira o Edital 03\/2017 e todas as informa\u00e7\u00f5es sobre o processo seletivo na p\u00e1gina [&hellip;]<\/p>\n","protected":false},"author":16,"featured_media":0,"comment_status":"open","ping_status":"open","sticky":false,"template":"","format":"standard","meta":{"footnotes":""},"categories":[381,386],"tags":[],"class_list":["post-5273","post","type-post","status-publish","format-standard","hentry","category-editais-e-processos-seletivos","category-mestrado-e-doutorado"],"_links":{"self":[{"href":"https:\/\/ufpr.br\/propg\/wp-json\/wp\/v2\/posts\/5273","targetHints":{"allow":["GET"]}}],"collection":[{"href":"https:\/\/ufpr.br\/propg\/wp-json\/wp\/v2\/posts"}],"about":[{"href":"https:\/\/ufpr.br\/propg\/wp-json\/wp\/v2\/types\/post"}],"author":[{"embeddable":true,"href":"https:\/\/ufpr.br\/propg\/wp-json\/wp\/v2\/users\/16"}],"replies":[{"embeddable":true,"href":"https:\/\/ufpr.br\/propg\/wp-json\/wp\/v2\/comments?post=5273"}],"version-history":[{"count":3,"href":"https:\/\/ufpr.br\/propg\/wp-json\/wp\/v2\/posts\/5273\/revisions"}],"predecessor-version":[{"id":18297,"href":"https:\/\/ufpr.br\/propg\/wp-json\/wp\/v2\/posts\/5273\/revisions\/18297"}],"wp:attachment":[{"href":"https:\/\/ufpr.br\/propg\/wp-json\/wp\/v2\/media?parent=5273"}],"wp:term":[{"taxonomy":"category","embeddable":true,"href":"https:\/\/ufpr.br\/propg\/wp-json\/wp\/v2\/categories?post=5273"},{"taxonomy":"post_tag","embeddable":true,"href":"https:\/\/ufpr.br\/propg\/wp-json\/wp\/v2\/tags?post=5273"}],"curies":[{"name":"wp","href":"https:\/\/api.w.org\/{rel}","templated":true}]}}