{"id":5271,"date":"2017-09-25T11:45:27","date_gmt":"2017-09-25T14:45:27","guid":{"rendered":"https:\/\/ufpr.br\/processo-seletivo-pos-doc-em-engenharia-de-recursos-hidricos-e-ambiental"},"modified":"2025-11-28T14:29:14","modified_gmt":"2025-11-28T17:29:14","slug":"processo-seletivo-pos-doc-em-engenharia-de-recursos-hidricos-e-ambiental","status":"publish","type":"post","link":"https:\/\/ufpr.br\/propg\/processo-seletivo-pos-doc-em-engenharia-de-recursos-hidricos-e-ambiental\/","title":{"rendered":"[Processo seletivo] P\u00f3s-doc em Engenharia de Recursos H\u00eddricos e Ambiental"},"content":{"rendered":"\n<p>Est\u00e1 aberto o processo seletivo de para vaga de <strong>p\u00f3s-doutorado<\/strong> do Programa de P\u00f3s-Gradua\u00e7\u00e3o em <a href=\"https:\/\/www.prppg.ufpr.br\/site\/ppgerha\/pb\/\" target=\"_blank\" rel=\"noreferrer noopener\">Engenharia de Recursos H\u00eddricos e Ambiental<\/a> da UFPR. As inscri\u00e7\u00f5es poder\u00e3o ser realizadas de <strong>01 a 27\/10\/2017<\/strong>.<\/p>\n\n\n\n<p>Confira o <a href=\"https:\/\/www.prppg.ufpr.br\/ppgerha\/processo-seletivo\/processo-posdoc\/\" target=\"_blank\" rel=\"noreferrer noopener\">edital<\/a> e todas as informa\u00e7\u00f5es sobre o processo seletivo na <a href=\"https:\/\/www.prppg.ufpr.br\/ppgerha\/processo-seletivo\/processo-posdoc\/\" target=\"_blank\" rel=\"noreferrer noopener\">p\u00e1gina do programa<\/a>.<\/p>\n\n\n\n<p><\/p>\n","protected":false},"excerpt":{"rendered":"<p>Est\u00e1 aberto o processo seletivo de para vaga de p\u00f3s-doutorado do Programa de P\u00f3s-Gradua\u00e7\u00e3o em Engenharia de Recursos H\u00eddricos e Ambiental da UFPR. As inscri\u00e7\u00f5es poder\u00e3o ser realizadas de 01 a 27\/10\/2017. Confira o edital e todas as informa\u00e7\u00f5es sobre o processo seletivo na p\u00e1gina do programa.<\/p>\n","protected":false},"author":16,"featured_media":0,"comment_status":"open","ping_status":"open","sticky":false,"template":"","format":"standard","meta":{"footnotes":""},"categories":[381,386],"tags":[],"class_list":["post-5271","post","type-post","status-publish","format-standard","hentry","category-editais-e-processos-seletivos","category-mestrado-e-doutorado"],"_links":{"self":[{"href":"https:\/\/ufpr.br\/propg\/wp-json\/wp\/v2\/posts\/5271","targetHints":{"allow":["GET"]}}],"collection":[{"href":"https:\/\/ufpr.br\/propg\/wp-json\/wp\/v2\/posts"}],"about":[{"href":"https:\/\/ufpr.br\/propg\/wp-json\/wp\/v2\/types\/post"}],"author":[{"embeddable":true,"href":"https:\/\/ufpr.br\/propg\/wp-json\/wp\/v2\/users\/16"}],"replies":[{"embeddable":true,"href":"https:\/\/ufpr.br\/propg\/wp-json\/wp\/v2\/comments?post=5271"}],"version-history":[{"count":4,"href":"https:\/\/ufpr.br\/propg\/wp-json\/wp\/v2\/posts\/5271\/revisions"}],"predecessor-version":[{"id":18300,"href":"https:\/\/ufpr.br\/propg\/wp-json\/wp\/v2\/posts\/5271\/revisions\/18300"}],"wp:attachment":[{"href":"https:\/\/ufpr.br\/propg\/wp-json\/wp\/v2\/media?parent=5271"}],"wp:term":[{"taxonomy":"category","embeddable":true,"href":"https:\/\/ufpr.br\/propg\/wp-json\/wp\/v2\/categories?post=5271"},{"taxonomy":"post_tag","embeddable":true,"href":"https:\/\/ufpr.br\/propg\/wp-json\/wp\/v2\/tags?post=5271"}],"curies":[{"name":"wp","href":"https:\/\/api.w.org\/{rel}","templated":true}]}}