{"id":5266,"date":"2017-09-20T11:51:46","date_gmt":"2017-09-20T14:51:46","guid":{"rendered":"https:\/\/ufpr.br\/capes-aponta-aumento-na-qualidade-da-pos-graduacao-da-ufpr"},"modified":"2025-11-28T14:29:26","modified_gmt":"2025-11-28T17:29:26","slug":"capes-aponta-aumento-na-qualidade-da-pos-graduacao-da-ufpr","status":"publish","type":"post","link":"https:\/\/ufpr.br\/propg\/capes-aponta-aumento-na-qualidade-da-pos-graduacao-da-ufpr\/","title":{"rendered":"Capes aponta aumento na qualidade da p\u00f3s-gradua\u00e7\u00e3o da UFPR"},"content":{"rendered":"\n<p>A Universidade Federal do Paran\u00e1 obteve avan\u00e7o significativo na qualidade&nbsp; de seus programas de p\u00f3s-gradua\u00e7\u00e3o, segundo a avalia\u00e7\u00e3o quadrienal divulgada nesta ter\u00e7a-feira (19) pela Coordena\u00e7\u00e3o de Aperfei\u00e7oamento de Pessoal de N\u00edvel Superior (Capes). Dos 66 programas e cursos da UFPR avaliados, 44% melhoraram suas notas em rela\u00e7\u00e3o a 2013 e 56% possuem nota 5 ou mais (as notas v\u00e3o de 3 a 7). A universidade saltou de sete para dez programas classificados como de elevado padr\u00e3o de excel\u00eancia \u2013 incluindo dois que receberam a nota m\u00e1xima (7), algo in\u00e9dito na institui\u00e7\u00e3o e&nbsp; no Paran\u00e1.<\/p>\n\n\n\n<figure class=\"wp-block-image\"><img decoding=\"async\" src=\"https:\/\/www.prppg.ufpr.br\/site\/wp-content\/uploads\/2017\/09\/quadrienal2017-295x300.jpg\" alt=\"\" class=\"wp-image-5984\"\/><\/figure>\n\n\n\n<p><\/p>\n\n\n\n<p>Acesse a <a href=\"http:\/\/www.ufpr.br\/portalufpr\/blog\/noticias\/capes-aponta-aumento-na-qualidade-da-pos-graduacao-da-ufpr-e-coloca-parana-no-mapa-dos-cursos-de-padrao-internacional\/\" target=\"_blank\" rel=\"noreferrer noopener\">mat\u00e9ria completa<\/a>.<\/p>\n","protected":false},"excerpt":{"rendered":"<p>A Universidade Federal do Paran\u00e1 obteve avan\u00e7o significativo na qualidade&nbsp; de seus programas de p\u00f3s-gradua\u00e7\u00e3o, segundo a avalia\u00e7\u00e3o quadrienal divulgada nesta ter\u00e7a-feira (19) pela Coordena\u00e7\u00e3o de Aperfei\u00e7oamento de Pessoal de N\u00edvel Superior (Capes). Dos 66 programas e cursos da UFPR avaliados, 44% melhoraram suas notas em rela\u00e7\u00e3o a 2013 e 56% possuem nota 5 ou [&hellip;]<\/p>\n","protected":false},"author":16,"featured_media":0,"comment_status":"open","ping_status":"open","sticky":false,"template":"","format":"standard","meta":{"footnotes":""},"categories":[386],"tags":[],"class_list":["post-5266","post","type-post","status-publish","format-standard","hentry","category-mestrado-e-doutorado"],"_links":{"self":[{"href":"https:\/\/ufpr.br\/propg\/wp-json\/wp\/v2\/posts\/5266","targetHints":{"allow":["GET"]}}],"collection":[{"href":"https:\/\/ufpr.br\/propg\/wp-json\/wp\/v2\/posts"}],"about":[{"href":"https:\/\/ufpr.br\/propg\/wp-json\/wp\/v2\/types\/post"}],"author":[{"embeddable":true,"href":"https:\/\/ufpr.br\/propg\/wp-json\/wp\/v2\/users\/16"}],"replies":[{"embeddable":true,"href":"https:\/\/ufpr.br\/propg\/wp-json\/wp\/v2\/comments?post=5266"}],"version-history":[{"count":3,"href":"https:\/\/ufpr.br\/propg\/wp-json\/wp\/v2\/posts\/5266\/revisions"}],"predecessor-version":[{"id":18301,"href":"https:\/\/ufpr.br\/propg\/wp-json\/wp\/v2\/posts\/5266\/revisions\/18301"}],"wp:attachment":[{"href":"https:\/\/ufpr.br\/propg\/wp-json\/wp\/v2\/media?parent=5266"}],"wp:term":[{"taxonomy":"category","embeddable":true,"href":"https:\/\/ufpr.br\/propg\/wp-json\/wp\/v2\/categories?post=5266"},{"taxonomy":"post_tag","embeddable":true,"href":"https:\/\/ufpr.br\/propg\/wp-json\/wp\/v2\/tags?post=5266"}],"curies":[{"name":"wp","href":"https:\/\/api.w.org\/{rel}","templated":true}]}}