{"id":5264,"date":"2017-09-20T07:30:14","date_gmt":"2017-09-20T10:30:14","guid":{"rendered":"https:\/\/ufpr.br\/capes-divulga-o-resultado-da-1a-etapa-da-avaliacao-quadrienal-2017"},"modified":"2025-11-28T14:30:35","modified_gmt":"2025-11-28T17:30:35","slug":"capes-divulga-o-resultado-da-1a-etapa-da-avaliacao-quadrienal-2017","status":"publish","type":"post","link":"https:\/\/ufpr.br\/propg\/capes-divulga-o-resultado-da-1a-etapa-da-avaliacao-quadrienal-2017\/","title":{"rendered":"Resultado da 1\u00aa etapa da Avalia\u00e7\u00e3o Quadrienal CAPES 2017"},"content":{"rendered":"\n<p>A Coordena\u00e7\u00e3o de Aperfei\u00e7oamento de Pessoal de N\u00edvel Superior (CAPES) divulga nesta quarta-feira, 20\/09, os resultados da avalia\u00e7\u00e3o dos programas de p\u00f3s-gradua\u00e7\u00e3o stricto sensu em funcionamento no Sistema Nacional de P\u00f3s-Gradua\u00e7\u00e3o (SNPG).<\/p>\n\n\n\n<p>Os&nbsp;<strong>pedidos de reconsidera\u00e7\u00e3o<\/strong>&nbsp;podem ser feitos, exclusivamente, por meio da Plataforma Sucupira&nbsp;<strong>at\u00e9 \u00e0s 23h59 do dia 20 de outubro de 2017<\/strong>&nbsp;(veja as orienta\u00e7\u00f5es para visualiza\u00e7\u00e3o das fichas e envio de pedidos de reconsidera\u00e7\u00e3o&nbsp;<a href=\"https:\/\/sites.google.com\/a\/capes.gov.br\/avaliacao-quadrienal\/home\/sai-o-resultado-da-1a-etapa-da-avaliacao-quadrienal-2017\/Orienta%C3%A7%C3%B5es%20de%20acesso%20%C3%A0%20Ficha%20e%20para%20pedidos%20de%20reconsidera%C3%A7%C3%A3o.pdf?attredirects=0&amp;d=1\" target=\"_blank\" rel=\"noopener\">aqui<\/a>).<\/p>\n\n\n\n<p>Acesse o site da ag\u00eancia para maiores informa\u00e7\u00f5es: <a href=\"http:\/\/www.capes.gov.br\/sala-de-imprensa\/noticias\/8557-divulgado-o-resultado-da-1-etapa-da-avaliacao-quadrienal-2017\" target=\"_blank\" rel=\"noopener\">http:\/\/www.capes.gov.br\/sala-de-imprensa\/noticias\/8557-divulgado-o-resultado-da-1-etapa-da-avaliacao-quadrienal-2017<\/a><\/p>\n\n\n\n<p><\/p>\n","protected":false},"excerpt":{"rendered":"<p>A Coordena\u00e7\u00e3o de Aperfei\u00e7oamento de Pessoal de N\u00edvel Superior (CAPES) divulga nesta quarta-feira, 20\/09, os resultados da avalia\u00e7\u00e3o dos programas de p\u00f3s-gradua\u00e7\u00e3o stricto sensu em funcionamento no Sistema Nacional de P\u00f3s-Gradua\u00e7\u00e3o (SNPG). Os&nbsp;pedidos de reconsidera\u00e7\u00e3o&nbsp;podem ser feitos, exclusivamente, por meio da Plataforma Sucupira&nbsp;at\u00e9 \u00e0s 23h59 do dia 20 de outubro de 2017&nbsp;(veja as orienta\u00e7\u00f5es para [&hellip;]<\/p>\n","protected":false},"author":16,"featured_media":0,"comment_status":"open","ping_status":"open","sticky":false,"template":"","format":"standard","meta":{"footnotes":""},"categories":[386],"tags":[],"class_list":["post-5264","post","type-post","status-publish","format-standard","hentry","category-mestrado-e-doutorado"],"_links":{"self":[{"href":"https:\/\/ufpr.br\/propg\/wp-json\/wp\/v2\/posts\/5264","targetHints":{"allow":["GET"]}}],"collection":[{"href":"https:\/\/ufpr.br\/propg\/wp-json\/wp\/v2\/posts"}],"about":[{"href":"https:\/\/ufpr.br\/propg\/wp-json\/wp\/v2\/types\/post"}],"author":[{"embeddable":true,"href":"https:\/\/ufpr.br\/propg\/wp-json\/wp\/v2\/users\/16"}],"replies":[{"embeddable":true,"href":"https:\/\/ufpr.br\/propg\/wp-json\/wp\/v2\/comments?post=5264"}],"version-history":[{"count":3,"href":"https:\/\/ufpr.br\/propg\/wp-json\/wp\/v2\/posts\/5264\/revisions"}],"predecessor-version":[{"id":18306,"href":"https:\/\/ufpr.br\/propg\/wp-json\/wp\/v2\/posts\/5264\/revisions\/18306"}],"wp:attachment":[{"href":"https:\/\/ufpr.br\/propg\/wp-json\/wp\/v2\/media?parent=5264"}],"wp:term":[{"taxonomy":"category","embeddable":true,"href":"https:\/\/ufpr.br\/propg\/wp-json\/wp\/v2\/categories?post=5264"},{"taxonomy":"post_tag","embeddable":true,"href":"https:\/\/ufpr.br\/propg\/wp-json\/wp\/v2\/tags?post=5264"}],"curies":[{"name":"wp","href":"https:\/\/api.w.org\/{rel}","templated":true}]}}