{"id":5263,"date":"2017-09-14T07:32:40","date_gmt":"2017-09-14T10:32:40","guid":{"rendered":"https:\/\/ufpr.br\/processo-seletivo-mestrado-e-doutorado-em-filosofia"},"modified":"2025-11-28T14:30:46","modified_gmt":"2025-11-28T17:30:46","slug":"processo-seletivo-mestrado-e-doutorado-em-filosofia","status":"publish","type":"post","link":"https:\/\/ufpr.br\/propg\/processo-seletivo-mestrado-e-doutorado-em-filosofia\/","title":{"rendered":"Processo Seletivo para Mestrado e Doutorado em Filosofia"},"content":{"rendered":"\n<p>Est\u00e3o abertas as inscri\u00e7\u00f5es para o processo seletivo do Programa de P\u00f3s-gradua\u00e7\u00e3o em <strong>Filosofia <\/strong>da Universidade Federal do Paran\u00e1, de 11\/09\/2017 a 10\/10\/2017. Informa\u00e7\u00f5es e inscri\u00e7\u00f5es na p\u00e1gina do programa: <a href=\"http:\/\/www.humanas.ufpr.br\/portal\/filosofia\/pos-graduacao\/processo-seletivo\" target=\"_blank\" rel=\"noopener\">http:\/\/www.humanas.ufpr.br\/portal\/filosofia\/pos-graduacao\/processo-seletivo<\/a><\/p>\n\n\n\n<p><\/p>\n","protected":false},"excerpt":{"rendered":"<p>Est\u00e3o abertas as inscri\u00e7\u00f5es para o processo seletivo do Programa de P\u00f3s-gradua\u00e7\u00e3o em Filosofia da Universidade Federal do Paran\u00e1, de 11\/09\/2017 a 10\/10\/2017. Informa\u00e7\u00f5es e inscri\u00e7\u00f5es na p\u00e1gina do programa: http:\/\/www.humanas.ufpr.br\/portal\/filosofia\/pos-graduacao\/processo-seletivo<\/p>\n","protected":false},"author":16,"featured_media":0,"comment_status":"open","ping_status":"open","sticky":false,"template":"","format":"standard","meta":{"footnotes":""},"categories":[381,386],"tags":[],"class_list":["post-5263","post","type-post","status-publish","format-standard","hentry","category-editais-e-processos-seletivos","category-mestrado-e-doutorado"],"_links":{"self":[{"href":"https:\/\/ufpr.br\/propg\/wp-json\/wp\/v2\/posts\/5263","targetHints":{"allow":["GET"]}}],"collection":[{"href":"https:\/\/ufpr.br\/propg\/wp-json\/wp\/v2\/posts"}],"about":[{"href":"https:\/\/ufpr.br\/propg\/wp-json\/wp\/v2\/types\/post"}],"author":[{"embeddable":true,"href":"https:\/\/ufpr.br\/propg\/wp-json\/wp\/v2\/users\/16"}],"replies":[{"embeddable":true,"href":"https:\/\/ufpr.br\/propg\/wp-json\/wp\/v2\/comments?post=5263"}],"version-history":[{"count":3,"href":"https:\/\/ufpr.br\/propg\/wp-json\/wp\/v2\/posts\/5263\/revisions"}],"predecessor-version":[{"id":18308,"href":"https:\/\/ufpr.br\/propg\/wp-json\/wp\/v2\/posts\/5263\/revisions\/18308"}],"wp:attachment":[{"href":"https:\/\/ufpr.br\/propg\/wp-json\/wp\/v2\/media?parent=5263"}],"wp:term":[{"taxonomy":"category","embeddable":true,"href":"https:\/\/ufpr.br\/propg\/wp-json\/wp\/v2\/categories?post=5263"},{"taxonomy":"post_tag","embeddable":true,"href":"https:\/\/ufpr.br\/propg\/wp-json\/wp\/v2\/tags?post=5263"}],"curies":[{"name":"wp","href":"https:\/\/api.w.org\/{rel}","templated":true}]}}