{"id":50741,"date":"2026-01-30T12:02:00","date_gmt":"2026-01-30T15:02:00","guid":{"rendered":"https:\/\/ufpr.br\/propg\/?p=50741"},"modified":"2026-02-05T16:07:03","modified_gmt":"2026-02-05T19:07:03","slug":"edital-no-01-2026-curso-de-especializacao-em-relacoes-raciais-em-contextos-escolares","status":"publish","type":"post","link":"https:\/\/ufpr.br\/propg\/edital-no-01-2026-curso-de-especializacao-em-relacoes-raciais-em-contextos-escolares\/","title":{"rendered":"Edital n\u00ba 01\/2026 \u2013 Curso de Especializa\u00e7\u00e3o em Rela\u00e7\u00f5es Raciais em Contextos Escolares"},"content":{"rendered":"<div class=\"wp-block-image\">\n<figure class=\"aligncenter size-large\"><img loading=\"lazy\" decoding=\"async\" width=\"1024\" height=\"390\" src=\"https:\/\/ufpr.br\/propg\/wp-content\/uploads\/2026\/01\/educacao-escolar-1-1024x390.jpg\" alt=\"\" class=\"wp-image-50749\" srcset=\"https:\/\/ufpr.br\/propg\/wp-content\/uploads\/2026\/01\/educacao-escolar-1-1024x390.jpg 1024w, https:\/\/ufpr.br\/propg\/wp-content\/uploads\/2026\/01\/educacao-escolar-1-300x114.jpg 300w, https:\/\/ufpr.br\/propg\/wp-content\/uploads\/2026\/01\/educacao-escolar-1-768x293.jpg 768w, https:\/\/ufpr.br\/propg\/wp-content\/uploads\/2026\/01\/educacao-escolar-1-1536x585.jpg 1536w, https:\/\/ufpr.br\/propg\/wp-content\/uploads\/2026\/01\/educacao-escolar-1-2048x780.jpg 2048w, https:\/\/ufpr.br\/propg\/wp-content\/uploads\/2026\/01\/educacao-escolar-1-175x67.jpg 175w, https:\/\/ufpr.br\/propg\/wp-content\/uploads\/2026\/01\/educacao-escolar-1-75x29.jpg 75w\" sizes=\"auto, (max-width: 1024px) 100vw, 1024px\" \/><\/figure><\/div>\n\n\n<div style=\"height:25px\" aria-hidden=\"true\" class=\"wp-block-spacer\"><\/div>\n\n\n\n<p>As inscri\u00e7\u00f5es para o <strong>Curso de Especializa\u00e7\u00e3o em Rela\u00e7\u00f5es Raciais em Contextos Escolares<\/strong> se encerram no dia 05\/02\/026<\/p>\n\n\n\n<p>O curso, parceria entre NEAB\/Proafe, SEaDIP\/UFPR\/UAB e PROPG, foi especialmente elaborado para professores da educa\u00e7\u00e3o b\u00e1sica, considerando os desafios cotidianos da pr\u00e1tica docente e a necessidade de aprofundamento te\u00f3rico e metodol\u00f3gico sobre as rela\u00e7\u00f5es raciais no contexto escolar.<\/p>\n\n\n\n<p>O curso \u00e9 totalmente gratuito, ampliando o acesso \u00e0 forma\u00e7\u00e3o continuada de qualidade.<\/p>\n\n\n\n<h2 class=\"wp-block-heading\">Maiores informa\u00e7\u00f5es:<\/h2>\n\n\n\n<ul class=\"wp-block-list\">\n<li><a href=\"https:\/\/cipead.ufpr.br\/index.php\/2026\/01\/05\/edital-no-01-2026-processo-seletivo-simplificado-para-admissao-no-curso-de-especializacao-em-educacao-para-as-relacoes-raciais-e-diversidade-em-contextos-escolares-uab-ufpr\/\" target=\"_blank\" rel=\"noreferrer noopener\">Edital\u00a0<\/a><\/li>\n<\/ul>\n\n\n\n<ul class=\"wp-block-list\">\n<li><a href=\"https:\/\/cipead.ufpr.br\/index.php\/2026\/01\/21\/edital-no-01-2026-prorrogacao-de-inscricao-e-atualizacao-de-cronograma-processo-seletivo-simplificado-para-admissao-no-curso-de-especializacao-em-educacao-para-as-relacoes-raciais-e-diversidade-em-c\/\" target=\"_blank\" rel=\"noreferrer noopener\">Edital de prorroga\u00e7\u00e3o<\/a><\/li>\n<\/ul>\n\n\n\n<p><\/p>\n","protected":false},"excerpt":{"rendered":"<p>As inscri\u00e7\u00f5es para o Curso de Especializa\u00e7\u00e3o em Rela\u00e7\u00f5es Raciais em Contextos Escolares se encerram no dia 05\/02\/026 O curso, parceria entre NEAB\/Proafe, SEaDIP\/UFPR\/UAB e PROPG, foi especialmente elaborado para professores da educa\u00e7\u00e3o b\u00e1sica, considerando os desafios cotidianos da pr\u00e1tica docente e a necessidade de aprofundamento te\u00f3rico e metodol\u00f3gico sobre as rela\u00e7\u00f5es raciais no contexto [&hellip;]<\/p>\n","protected":false},"author":27,"featured_media":0,"comment_status":"closed","ping_status":"open","sticky":false,"template":"","format":"standard","meta":{"footnotes":""},"categories":[381,382],"tags":[],"class_list":["post-50741","post","type-post","status-publish","format-standard","hentry","category-editais-e-processos-seletivos","category-especializacao-e-residencia"],"_links":{"self":[{"href":"https:\/\/ufpr.br\/propg\/wp-json\/wp\/v2\/posts\/50741","targetHints":{"allow":["GET"]}}],"collection":[{"href":"https:\/\/ufpr.br\/propg\/wp-json\/wp\/v2\/posts"}],"about":[{"href":"https:\/\/ufpr.br\/propg\/wp-json\/wp\/v2\/types\/post"}],"author":[{"embeddable":true,"href":"https:\/\/ufpr.br\/propg\/wp-json\/wp\/v2\/users\/27"}],"replies":[{"embeddable":true,"href":"https:\/\/ufpr.br\/propg\/wp-json\/wp\/v2\/comments?post=50741"}],"version-history":[{"count":6,"href":"https:\/\/ufpr.br\/propg\/wp-json\/wp\/v2\/posts\/50741\/revisions"}],"predecessor-version":[{"id":50757,"href":"https:\/\/ufpr.br\/propg\/wp-json\/wp\/v2\/posts\/50741\/revisions\/50757"}],"wp:attachment":[{"href":"https:\/\/ufpr.br\/propg\/wp-json\/wp\/v2\/media?parent=50741"}],"wp:term":[{"taxonomy":"category","embeddable":true,"href":"https:\/\/ufpr.br\/propg\/wp-json\/wp\/v2\/categories?post=50741"},{"taxonomy":"post_tag","embeddable":true,"href":"https:\/\/ufpr.br\/propg\/wp-json\/wp\/v2\/tags?post=50741"}],"curies":[{"name":"wp","href":"https:\/\/api.w.org\/{rel}","templated":true}]}}