{"id":49734,"date":"2025-12-12T10:54:50","date_gmt":"2025-12-12T13:54:50","guid":{"rendered":"https:\/\/www.prppg.ufpr.br\/site\/?p=46088"},"modified":"2026-01-26T12:51:57","modified_gmt":"2026-01-26T15:51:57","slug":"pos-graduacao-em-ciencias-farmaceuticas-ppgcf-divulga-editais-para-mestrado-e-doutorado","status":"publish","type":"post","link":"https:\/\/ufpr.br\/propg\/pos-graduacao-em-ciencias-farmaceuticas-ppgcf-divulga-editais-para-mestrado-e-doutorado\/","title":{"rendered":"P\u00f3s-Gradua\u00e7\u00e3o em Ci\u00eancias Farmac\u00eauticas (PPGCF) divulga editais para MESTRADO e DOUTORADO"},"content":{"rendered":"\n<div class=\"wp-block-columns is-layout-flex wp-container-core-columns-is-layout-9d6595d7 wp-block-columns-is-layout-flex\">\n<div class=\"wp-block-column is-layout-flow wp-block-column-is-layout-flow\">\n<figure class=\"wp-block-image size-full\"><a href=\"https:\/\/www.prppg.ufpr.br\/site\/ppgfarmaceuticas\/pb\/processos-seletivos\/\" target=\"_blank\" rel=\" noreferrer noopener\"><img loading=\"lazy\" decoding=\"async\" width=\"910\" height=\"328\" src=\"https:\/\/ufpr.br\/propg\/wp-content\/uploads\/2025\/12\/ciencias-farmaceuticas.jpg\" alt=\"\" class=\"wp-image-49781\" srcset=\"https:\/\/ufpr.br\/propg\/wp-content\/uploads\/2025\/12\/ciencias-farmaceuticas.jpg 910w, https:\/\/ufpr.br\/propg\/wp-content\/uploads\/2025\/12\/ciencias-farmaceuticas-300x108.jpg 300w, https:\/\/ufpr.br\/propg\/wp-content\/uploads\/2025\/12\/ciencias-farmaceuticas-768x277.jpg 768w, https:\/\/ufpr.br\/propg\/wp-content\/uploads\/2025\/12\/ciencias-farmaceuticas-175x63.jpg 175w, https:\/\/ufpr.br\/propg\/wp-content\/uploads\/2025\/12\/ciencias-farmaceuticas-75x27.jpg 75w\" sizes=\"auto, (max-width: 910px) 100vw, 910px\" \/><\/a><\/figure>\n<\/div>\n\n\n\n<div class=\"wp-block-column is-layout-flow wp-block-column-is-layout-flow\">\n<p>O Programa de P\u00f3s-Gradua\u00e7\u00e3o em Ci\u00eancias Farmac\u00eauticas (PPGCF) est\u00e1 com os editais\u00a0<b>06\/2025<\/b>\u00a0e\u00a0<b>07\/2027<\/b>\u00a0para a sele\u00e7\u00e3o e admiss\u00e3o ao Mestrado e Doutorado. Ser\u00e3o ofertadas trinta e sete vagas (37) vagas para o Mestrado e\u00a0 vinte e nove (29) vagas para o Doutorado. <\/p>\n\n\n\n<p>As inscri\u00e7\u00f5es\u00a0iniciaram dia 05\/12\/2025. Os editais e demais informa\u00e7\u00f5es est\u00e3o dispon\u00edveis no site do programa: <a title=\"https:\/\/www.prppg.ufpr.br\/site\/ppgfarmaceuticas\/pb\/processos-seletivos\/\" data-auth=\"NotApplicable\" data-linkindex=\"0\" href=\"https:\/\/www.prppg.ufpr.br\/site\/ppgfarmaceuticas\/pb\/processos-seletivos\/\" target=\"_blank\" rel=\"noopener noreferrer\">https:\/\/www.prppg.ufpr.br\/site\/ppgfarmaceuticas\/pb\/processos-seletivos\/<\/a><\/p>\n<\/div>\n<\/div>\n","protected":false},"excerpt":{"rendered":"<p>O Programa de P\u00f3s-Gradua\u00e7\u00e3o em Ci\u00eancias Farmac\u00eauticas (PPGCF) est\u00e1 com os editais\u00a006\/2025\u00a0e\u00a007\/2027\u00a0para a sele\u00e7\u00e3o e admiss\u00e3o ao Mestrado e Doutorado. Ser\u00e3o ofertadas trinta e sete vagas (37) vagas para o Mestrado e\u00a0 vinte e nove (29) vagas para o Doutorado. As inscri\u00e7\u00f5es\u00a0iniciaram dia 05\/12\/2025. Os editais e demais informa\u00e7\u00f5es est\u00e3o dispon\u00edveis no site do programa: [&hellip;]<\/p>\n","protected":false},"author":24,"featured_media":0,"comment_status":"open","ping_status":"open","sticky":false,"template":"","format":"standard","meta":{"footnotes":""},"categories":[381,386],"tags":[],"class_list":["post-49734","post","type-post","status-publish","format-standard","hentry","category-editais-e-processos-seletivos","category-mestrado-e-doutorado"],"_links":{"self":[{"href":"https:\/\/ufpr.br\/propg\/wp-json\/wp\/v2\/posts\/49734","targetHints":{"allow":["GET"]}}],"collection":[{"href":"https:\/\/ufpr.br\/propg\/wp-json\/wp\/v2\/posts"}],"about":[{"href":"https:\/\/ufpr.br\/propg\/wp-json\/wp\/v2\/types\/post"}],"author":[{"embeddable":true,"href":"https:\/\/ufpr.br\/propg\/wp-json\/wp\/v2\/users\/24"}],"replies":[{"embeddable":true,"href":"https:\/\/ufpr.br\/propg\/wp-json\/wp\/v2\/comments?post=49734"}],"version-history":[{"count":8,"href":"https:\/\/ufpr.br\/propg\/wp-json\/wp\/v2\/posts\/49734\/revisions"}],"predecessor-version":[{"id":49791,"href":"https:\/\/ufpr.br\/propg\/wp-json\/wp\/v2\/posts\/49734\/revisions\/49791"}],"wp:attachment":[{"href":"https:\/\/ufpr.br\/propg\/wp-json\/wp\/v2\/media?parent=49734"}],"wp:term":[{"taxonomy":"category","embeddable":true,"href":"https:\/\/ufpr.br\/propg\/wp-json\/wp\/v2\/categories?post=49734"},{"taxonomy":"post_tag","embeddable":true,"href":"https:\/\/ufpr.br\/propg\/wp-json\/wp\/v2\/tags?post=49734"}],"curies":[{"name":"wp","href":"https:\/\/api.w.org\/{rel}","templated":true}]}}