{"id":46623,"date":"2026-02-20T14:43:05","date_gmt":"2026-02-20T17:43:05","guid":{"rendered":"https:\/\/www.prppg.ufpr.br\/site\/?p=46623"},"modified":"2026-02-24T15:27:10","modified_gmt":"2026-02-24T18:27:10","slug":"publicado-resultado-final-do-edital-03-2026-propg-sae-chamada-institucional-de-apoio-a-participacao-discente-e-a-producao-academica-da-pos-graduacao-da-ufpr","status":"publish","type":"post","link":"https:\/\/ufpr.br\/propg\/publicado-resultado-final-do-edital-03-2026-propg-sae-chamada-institucional-de-apoio-a-participacao-discente-e-a-producao-academica-da-pos-graduacao-da-ufpr\/","title":{"rendered":"Publicado resultado final do Edital n\u00ba 03\/2026 PROPG\/SAE: Chamada Institucional de Apoio \u00e0 Participa\u00e7\u00e3o Discente e \u00e0 Produ\u00e7\u00e3o Acad\u00eamica da P\u00f3s-Gradua\u00e7\u00e3o da UFPR"},"content":{"rendered":"\n<p><span style=\"font-size: 14pt;\">Acesse:\u00a0<\/span><a href=\"https:\/\/ufpr.br\/propg\/editais\/edital-03-2026-propg-sae\/\">https:\/\/ufpr.br\/propg\/editais\/edital-03-2026-propg-sae\/<\/a><\/p>\n\n\n\n<p><\/p>\n","protected":false},"excerpt":{"rendered":"<p>Acesse:\u00a0https:\/\/ufpr.br\/propg\/editais\/edital-03-2026-propg-sae\/<\/p>\n","protected":false},"author":18,"featured_media":0,"comment_status":"open","ping_status":"open","sticky":false,"template":"","format":"standard","meta":{"footnotes":""},"categories":[381,386],"tags":[],"class_list":["post-46623","post","type-post","status-publish","format-standard","hentry","category-editais-e-processos-seletivos","category-mestrado-e-doutorado"],"_links":{"self":[{"href":"https:\/\/ufpr.br\/propg\/wp-json\/wp\/v2\/posts\/46623","targetHints":{"allow":["GET"]}}],"collection":[{"href":"https:\/\/ufpr.br\/propg\/wp-json\/wp\/v2\/posts"}],"about":[{"href":"https:\/\/ufpr.br\/propg\/wp-json\/wp\/v2\/types\/post"}],"author":[{"embeddable":true,"href":"https:\/\/ufpr.br\/propg\/wp-json\/wp\/v2\/users\/18"}],"replies":[{"embeddable":true,"href":"https:\/\/ufpr.br\/propg\/wp-json\/wp\/v2\/comments?post=46623"}],"version-history":[{"count":2,"href":"https:\/\/ufpr.br\/propg\/wp-json\/wp\/v2\/posts\/46623\/revisions"}],"predecessor-version":[{"id":51454,"href":"https:\/\/ufpr.br\/propg\/wp-json\/wp\/v2\/posts\/46623\/revisions\/51454"}],"wp:attachment":[{"href":"https:\/\/ufpr.br\/propg\/wp-json\/wp\/v2\/media?parent=46623"}],"wp:term":[{"taxonomy":"category","embeddable":true,"href":"https:\/\/ufpr.br\/propg\/wp-json\/wp\/v2\/categories?post=46623"},{"taxonomy":"post_tag","embeddable":true,"href":"https:\/\/ufpr.br\/propg\/wp-json\/wp\/v2\/tags?post=46623"}],"curies":[{"name":"wp","href":"https:\/\/api.w.org\/{rel}","templated":true}]}}