{"id":45983,"date":"2025-11-18T11:38:14","date_gmt":"2025-11-18T14:38:14","guid":{"rendered":"https:\/\/www.prppg.ufpr.br\/site\/?p=45983"},"modified":"2025-12-03T11:30:53","modified_gmt":"2025-12-03T14:30:53","slug":"progepe-e-propg-lancam-edital-de-apoio-a-qualificacao-dos-taes-nos-ppgs-da-ufpr","status":"publish","type":"post","link":"https:\/\/ufpr.br\/propg\/progepe-e-propg-lancam-edital-de-apoio-a-qualificacao-dos-taes-nos-ppgs-da-ufpr\/","title":{"rendered":"PROGEPE e PROPG lan\u00e7am Edital de Apoio \u00e0 Qualifica\u00e7\u00e3o dos TAEs nos PPGs da UFPR"},"content":{"rendered":"<div class=\"wp-block-image\">\n<figure class=\"aligncenter size-full\"><a href=\"https:\/\/progepe.ufpr.br\/capacitacao\/iniciativa-de-apoio-a-qualificacao-dos-taes\" target=\"_blank\" rel=\" noreferrer noopener\"><img loading=\"lazy\" decoding=\"async\" width=\"1000\" height=\"280\" src=\"https:\/\/ufpr.br\/propg\/wp-content\/uploads\/2025\/11\/edital-17-2025-1.png\" alt=\"\" class=\"wp-image-46100\" srcset=\"https:\/\/ufpr.br\/propg\/wp-content\/uploads\/2025\/11\/edital-17-2025-1.png 1000w, https:\/\/ufpr.br\/propg\/wp-content\/uploads\/2025\/11\/edital-17-2025-1-300x84.png 300w, https:\/\/ufpr.br\/propg\/wp-content\/uploads\/2025\/11\/edital-17-2025-1-768x215.png 768w, https:\/\/ufpr.br\/propg\/wp-content\/uploads\/2025\/11\/edital-17-2025-1-175x49.png 175w, https:\/\/ufpr.br\/propg\/wp-content\/uploads\/2025\/11\/edital-17-2025-1-75x21.png 75w\" sizes=\"auto, (max-width: 1000px) 100vw, 1000px\" \/><\/a><\/figure><\/div>\n\n\n<div style=\"height:25px\" aria-hidden=\"true\" class=\"wp-block-spacer\"><\/div>\n\n\n\n<p>A Pr\u00f3-Reitoria de Gest\u00e3o de Pessoas (PROGEPE), por meio da Coordenadoria de Desenvolvimento de Pessoas (CDP) e da Unidade de Capacita\u00e7\u00e3o e Qualifica\u00e7\u00e3o (UCAQ), com a colabora\u00e7\u00e3o da Pr\u00f3-Reitoria de P\u00f3s-Gradua\u00e7\u00e3o (PROPG),\u00a0 publicou o Edital n\u00ba 17\/2025 \u2013 PROGEPE\/CDP\/UCAQ, que institui iniciativa de apoio e incentivo \u00e0 qualifica\u00e7\u00e3o de servidores(as) t\u00e9cnico-administrativos(as)\u00a0 da UFPR.<\/p>\n\n\n\n<p>A proposta estabelece uma parceria entre a PROGEPE e os Programas de P\u00f3s-Gradua\u00e7\u00e3o. Os programas que aderirem ao edital poder\u00e3o oferecer vagas adicionais ou ampliar a reserva de vagas para TAEs em seus processos seletivos regulares de mestrado e doutorado. Em contrapartida, receber\u00e3o repasse or\u00e7ament\u00e1rio da PROGEPE, de acordo com as regras estabelecidas no edital.<\/p>\n\n\n\n<p>Para 2026, ser\u00e3o disponibilizados recursos para o custeio de at\u00e9 60 vagas, sendo 40 vagas para mestrado e 20 vagas para doutorado, distribu\u00eddas ao longo do ano conforme disponibilidade or\u00e7ament\u00e1ria. A a\u00e7\u00e3o ser\u00e1 realizada em fluxo cont\u00ednuo ao longo do ano de 2026 e o edital ter\u00e1 validade de um ano a partir de sua publica\u00e7\u00e3o.<\/p>\n\n\n\n<h2 class=\"wp-block-heading\">Saiba mais:<\/h2>\n\n\n\n<p><a href=\"https:\/\/progepe.ufpr.br\/capacitacao\/iniciativa-de-apoio-a-qualificacao-dos-taes\/\">Iniciativa de apoio \u00e0 qualifica\u00e7\u00e3o dos TAEs \u2013 Desenvolvimento de pessoas \u2013 UFPR \u2013 PROGEPE<\/a><\/p>\n\n\n\n<p>\ud83d\udcc4 Acesse o Edital n\u00ba 17\/2025 \u2013 PROGEPE\/CDP\/UCAQ:<\/p>\n\n\n\n<p><a href=\"https:\/\/progepe.ufpr.br\/capacitacao\/wp-content\/uploads\/2025\/11\/SEI_8377815_Edital_N._17_2025.pdf\">https:\/\/progepe.ufpr.br\/capacitacao\/wp-content\/uploads\/2025\/11\/SEI_8377815_Edital_N._17_2025.pdf<\/a><\/p>\n\n\n\n<hr class=\"wp-block-separator has-text-color has-cyan-bluish-gray-color has-alpha-channel-opacity has-cyan-bluish-gray-background-color has-background is-style-wide\"\/>\n\n\n\n<p>D\u00favidas podem ser encaminhadas \u00e0 PROGEPE\/CDP\/UCAQ pelo e-mail <a href=\"mailto:ucaq@ufpr.br\" target=\"_blank\" rel=\"noreferrer noopener\">ucaq@ufpr.br<\/a>.<\/p>\n\n\n\n<p><\/p>\n","protected":false},"excerpt":{"rendered":"<p>A Pr\u00f3-Reitoria de Gest\u00e3o de Pessoas (PROGEPE), por meio da Coordenadoria de Desenvolvimento de Pessoas (CDP) e da Unidade de Capacita\u00e7\u00e3o e Qualifica\u00e7\u00e3o (UCAQ), com a colabora\u00e7\u00e3o da Pr\u00f3-Reitoria de P\u00f3s-Gradua\u00e7\u00e3o (PROPG),\u00a0 publicou o Edital n\u00ba 17\/2025 \u2013 PROGEPE\/CDP\/UCAQ, que institui iniciativa de apoio e incentivo \u00e0 qualifica\u00e7\u00e3o de servidores(as) t\u00e9cnico-administrativos(as)\u00a0 da UFPR. A proposta [&hellip;]<\/p>\n","protected":false},"author":16,"featured_media":0,"comment_status":"open","ping_status":"open","sticky":false,"template":"","format":"standard","meta":{"footnotes":""},"categories":[381,386],"tags":[],"class_list":["post-45983","post","type-post","status-publish","format-standard","hentry","category-editais-e-processos-seletivos","category-mestrado-e-doutorado"],"_links":{"self":[{"href":"https:\/\/ufpr.br\/propg\/wp-json\/wp\/v2\/posts\/45983","targetHints":{"allow":["GET"]}}],"collection":[{"href":"https:\/\/ufpr.br\/propg\/wp-json\/wp\/v2\/posts"}],"about":[{"href":"https:\/\/ufpr.br\/propg\/wp-json\/wp\/v2\/types\/post"}],"author":[{"embeddable":true,"href":"https:\/\/ufpr.br\/propg\/wp-json\/wp\/v2\/users\/16"}],"replies":[{"embeddable":true,"href":"https:\/\/ufpr.br\/propg\/wp-json\/wp\/v2\/comments?post=45983"}],"version-history":[{"count":7,"href":"https:\/\/ufpr.br\/propg\/wp-json\/wp\/v2\/posts\/45983\/revisions"}],"predecessor-version":[{"id":46110,"href":"https:\/\/ufpr.br\/propg\/wp-json\/wp\/v2\/posts\/45983\/revisions\/46110"}],"wp:attachment":[{"href":"https:\/\/ufpr.br\/propg\/wp-json\/wp\/v2\/media?parent=45983"}],"wp:term":[{"taxonomy":"category","embeddable":true,"href":"https:\/\/ufpr.br\/propg\/wp-json\/wp\/v2\/categories?post=45983"},{"taxonomy":"post_tag","embeddable":true,"href":"https:\/\/ufpr.br\/propg\/wp-json\/wp\/v2\/tags?post=45983"}],"curies":[{"name":"wp","href":"https:\/\/api.w.org\/{rel}","templated":true}]}}