{"id":45980,"date":"2025-11-18T11:22:38","date_gmt":"2025-11-18T14:22:38","guid":{"rendered":"https:\/\/www.prppg.ufpr.br\/site\/?p=45980"},"modified":"2025-12-03T11:18:09","modified_gmt":"2025-12-03T14:18:09","slug":"i-saude-em-evidencia-avancos-em-ciencia-tecnologia-e-inovacao","status":"publish","type":"post","link":"https:\/\/ufpr.br\/propg\/i-saude-em-evidencia-avancos-em-ciencia-tecnologia-e-inovacao\/","title":{"rendered":"I Sa\u00fade em Evid\u00eancia: Avan\u00e7os em Ci\u00eancia, Tecnologia e Inova\u00e7\u00e3o"},"content":{"rendered":"\n<p>O evento \u201cI Sa\u00fade em Evid\u00eancia: Avan\u00e7os em Ci\u00eancia, Tecnologia e Inova\u00e7\u00e3o\u201d, promovido pelo Programa de P\u00f3s-Gradua\u00e7\u00e3o em Ci\u00eancias Farmac\u00eauticas (PPGCF) da Universidade Federal do Paran\u00e1 \u00e9 uma iniciativa do N\u00facleo de Presta\u00e7\u00e3o de Servi\u00e7os em Ci\u00eancias Farmac\u00eauticas (NPSCF) em conjunto com o&nbsp;PPGCF\/UFPR, e ocorrer\u00e1 nos dias 02 e 03 de dezembro de 2025, no Audit\u00f3rio Maur\u00edcio Bissoli \u2013 Campus Bot\u00e2nico.<\/p>\n\n\n\n<p>O \u201cSa\u00fade em Evid\u00eancia\u201d tem como objetivo integrar ci\u00eancia, tecnologia, inova\u00e7\u00e3o e sa\u00fade, promovendo discuss\u00f5es sobre temas atuais e estrat\u00e9gicos, como intelig\u00eancia artificial, m\u00e9todos anal\u00edticos avan\u00e7ados, novas plataformas diagn\u00f3sticas e desenvolvimento tecnol\u00f3gico. A programa\u00e7\u00e3o contar\u00e1 com palestras de pesquisadores convidados, sess\u00e3o de p\u00f4steres, apresenta\u00e7\u00f5es orais e espa\u00e7os para intera\u00e7\u00e3o cient\u00edfica.<\/p>\n\n\n\n<p>O evento \u00e9 gratuito e oferece certifica\u00e7\u00e3o de extens\u00e3o.<\/p>\n\n\n\n<p>Demais informa\u00e7\u00f5es em: <a href=\"https:\/\/www.prppg.ufpr.br\/site\/ppgfarmaceuticas\/pb\/2025\/11\/13\/saude-em-evidencia-avancos-em-ciencia-tecnologia-e-inovacao\/\" target=\"_blank\" rel=\"noreferrer noopener\">https:\/\/www.prppg.ufpr.br\/site\/ppgfarmaceuticas\/pb\/2025\/11\/13\/saude-em-evidencia-avancos-em-ciencia-tecnologia-e-inovacao\/<\/a><\/p>\n\n\n\n<figure class=\"wp-block-image size-medium\"><img loading=\"lazy\" decoding=\"async\" width=\"300\" height=\"86\" src=\"https:\/\/ufpr.br\/propg\/wp-content\/uploads\/2025\/11\/saude-em-evidencia2-300x86.jpg\" alt=\"\" class=\"wp-image-46094\" srcset=\"https:\/\/ufpr.br\/propg\/wp-content\/uploads\/2025\/11\/saude-em-evidencia2-300x86.jpg 300w, https:\/\/ufpr.br\/propg\/wp-content\/uploads\/2025\/11\/saude-em-evidencia2-768x221.jpg 768w, https:\/\/ufpr.br\/propg\/wp-content\/uploads\/2025\/11\/saude-em-evidencia2-175x50.jpg 175w, https:\/\/ufpr.br\/propg\/wp-content\/uploads\/2025\/11\/saude-em-evidencia2-75x22.jpg 75w, https:\/\/ufpr.br\/propg\/wp-content\/uploads\/2025\/11\/saude-em-evidencia2.jpg 861w\" sizes=\"auto, (max-width: 300px) 100vw, 300px\" \/><\/figure>\n","protected":false},"excerpt":{"rendered":"<p>O evento \u201cI Sa\u00fade em Evid\u00eancia: Avan\u00e7os em Ci\u00eancia, Tecnologia e Inova\u00e7\u00e3o\u201d, promovido pelo Programa de P\u00f3s-Gradua\u00e7\u00e3o em Ci\u00eancias Farmac\u00eauticas (PPGCF) da Universidade Federal do Paran\u00e1 \u00e9 uma iniciativa do N\u00facleo de Presta\u00e7\u00e3o de Servi\u00e7os em Ci\u00eancias Farmac\u00eauticas (NPSCF) em conjunto com o&nbsp;PPGCF\/UFPR, e ocorrer\u00e1 nos dias 02 e 03 de dezembro de 2025, no [&hellip;]<\/p>\n","protected":false},"author":27,"featured_media":0,"comment_status":"open","ping_status":"open","sticky":false,"template":"","format":"standard","meta":{"footnotes":""},"categories":[386],"tags":[],"class_list":["post-45980","post","type-post","status-publish","format-standard","hentry","category-mestrado-e-doutorado"],"_links":{"self":[{"href":"https:\/\/ufpr.br\/propg\/wp-json\/wp\/v2\/posts\/45980","targetHints":{"allow":["GET"]}}],"collection":[{"href":"https:\/\/ufpr.br\/propg\/wp-json\/wp\/v2\/posts"}],"about":[{"href":"https:\/\/ufpr.br\/propg\/wp-json\/wp\/v2\/types\/post"}],"author":[{"embeddable":true,"href":"https:\/\/ufpr.br\/propg\/wp-json\/wp\/v2\/users\/27"}],"replies":[{"embeddable":true,"href":"https:\/\/ufpr.br\/propg\/wp-json\/wp\/v2\/comments?post=45980"}],"version-history":[{"count":4,"href":"https:\/\/ufpr.br\/propg\/wp-json\/wp\/v2\/posts\/45980\/revisions"}],"predecessor-version":[{"id":46097,"href":"https:\/\/ufpr.br\/propg\/wp-json\/wp\/v2\/posts\/45980\/revisions\/46097"}],"wp:attachment":[{"href":"https:\/\/ufpr.br\/propg\/wp-json\/wp\/v2\/media?parent=45980"}],"wp:term":[{"taxonomy":"category","embeddable":true,"href":"https:\/\/ufpr.br\/propg\/wp-json\/wp\/v2\/categories?post=45980"},{"taxonomy":"post_tag","embeddable":true,"href":"https:\/\/ufpr.br\/propg\/wp-json\/wp\/v2\/tags?post=45980"}],"curies":[{"name":"wp","href":"https:\/\/api.w.org\/{rel}","templated":true}]}}