{"id":45969,"date":"2025-11-18T10:23:01","date_gmt":"2025-11-18T13:23:01","guid":{"rendered":"https:\/\/www.prppg.ufpr.br\/site\/?p=45969"},"modified":"2025-12-03T11:11:45","modified_gmt":"2025-12-03T14:11:45","slug":"webinar-inovacao-em-ia-e-empreendedorismo-na-engenharia-florestal","status":"publish","type":"post","link":"https:\/\/ufpr.br\/propg\/webinar-inovacao-em-ia-e-empreendedorismo-na-engenharia-florestal\/","title":{"rendered":"Webinar: Inova\u00e7\u00e3o em IA e Empreendedorismo na Engenharia Florestal"},"content":{"rendered":"<div class=\"wp-block-image\">\n<figure class=\"aligncenter size-large\"><img loading=\"lazy\" decoding=\"async\" width=\"1024\" height=\"427\" src=\"https:\/\/ufpr.br\/propg\/wp-content\/uploads\/2025\/11\/seaflor1-1-1024x427.jpg\" alt=\"\" class=\"wp-image-46084\" srcset=\"https:\/\/ufpr.br\/propg\/wp-content\/uploads\/2025\/11\/seaflor1-1-1024x427.jpg 1024w, https:\/\/ufpr.br\/propg\/wp-content\/uploads\/2025\/11\/seaflor1-1-300x125.jpg 300w, https:\/\/ufpr.br\/propg\/wp-content\/uploads\/2025\/11\/seaflor1-1-768x321.jpg 768w, https:\/\/ufpr.br\/propg\/wp-content\/uploads\/2025\/11\/seaflor1-1-1536x641.jpg 1536w, https:\/\/ufpr.br\/propg\/wp-content\/uploads\/2025\/11\/seaflor1-1-2048x855.jpg 2048w, https:\/\/ufpr.br\/propg\/wp-content\/uploads\/2025\/11\/seaflor1-1-175x73.jpg 175w, https:\/\/ufpr.br\/propg\/wp-content\/uploads\/2025\/11\/seaflor1-1-75x31.jpg 75w\" sizes=\"auto, (max-width: 1024px) 100vw, 1024px\" \/><\/figure><\/div>\n\n\n<p>O Webinar Internacional <strong>\u201cInova\u00e7\u00e3o em IA e Empreendedorismo na Engenharia Florestal\u201d<\/strong> \u00e9 uma iniciativa conjunta da Universidade Federal do Paran\u00e1 (UFPR), da University of British Columbia (UBC \u2013 Canad\u00e1) e do Trade Office de Porto Alegre do Consulado do Canad\u00e1\u00a0no\u00a0Brasil.<\/p>\n\n\n\n<p>Com o apoio do Programa de P\u00f3s-Gradua\u00e7\u00e3o em Engenharia Florestal (PPGEF) e organiza\u00e7\u00e3o do SEAFLOR, o Webinar reunir\u00e1 pesquisadores e especialistas do Canad\u00e1 e do Brasil para discutir aplica\u00e7\u00f5es de intelig\u00eancia artificial, inova\u00e7\u00e3o tecnol\u00f3gica e empreendedorismo no setor florestal.<\/p>\n\n\n\n<p><strong>Inscreva-se no site e confira a programa\u00e7\u00e3o completa das palestras:<\/strong>\u00a0\u00a0<a href=\"https:\/\/forestry.ubc.ca\/events\/ai-innovation-and-entrepreneurship-in-forestry-webinar\/\" target=\"_blank\" rel=\"noreferrer noopener\">https:\/\/forestry.ubc.ca\/events\/ai-innovation-and-entrepreneurship-in-forestry-webinar\/<\/a><\/p>\n\n\n\n<p>Sua participa\u00e7\u00e3o ser\u00e1 muito bem-vinda.<\/p>\n\n\n\n<p>27 de novembro de 2025<br>\u23f0 19h \u00e0s 21h (hor\u00e1rio de Bras\u00edlia)<br>\ud83c\udf10 Evento online e gratuito<br>\ud83c\udfa7 Tradu\u00e7\u00e3o simult\u00e2nea ingl\u00eas \u2194 portugu\u00eas<\/p>\n\n\n\n<figure class=\"wp-block-image\"><img decoding=\"async\" src=\"https:\/\/www.prppg.ufpr.br\/site\/wp-content\/uploads\/2025\/11\/programacao-1.png\" alt=\"\" class=\"wp-image-46000\"\/><\/figure>\n\n\n\n<p><a href=\"https:\/\/forestry-2022.sites.olt.ubc.ca\/files\/2025\/11\/Port_Webinar-Program.pdf\" target=\"_blank\" rel=\"noreferrer noopener\"><strong>Programa\u00e7\u00e3o<\/strong><\/a><\/p>\n\n\n\n<p><\/p>\n","protected":false},"excerpt":{"rendered":"<p>O Webinar Internacional \u201cInova\u00e7\u00e3o em IA e Empreendedorismo na Engenharia Florestal\u201d \u00e9 uma iniciativa conjunta da Universidade Federal do Paran\u00e1 (UFPR), da University of British Columbia (UBC \u2013 Canad\u00e1) e do Trade Office de Porto Alegre do Consulado do Canad\u00e1\u00a0no\u00a0Brasil. Com o apoio do Programa de P\u00f3s-Gradua\u00e7\u00e3o em Engenharia Florestal (PPGEF) e organiza\u00e7\u00e3o do SEAFLOR, [&hellip;]<\/p>\n","protected":false},"author":27,"featured_media":0,"comment_status":"open","ping_status":"open","sticky":false,"template":"","format":"standard","meta":{"footnotes":""},"categories":[386],"tags":[],"class_list":["post-45969","post","type-post","status-publish","format-standard","hentry","category-mestrado-e-doutorado"],"_links":{"self":[{"href":"https:\/\/ufpr.br\/propg\/wp-json\/wp\/v2\/posts\/45969","targetHints":{"allow":["GET"]}}],"collection":[{"href":"https:\/\/ufpr.br\/propg\/wp-json\/wp\/v2\/posts"}],"about":[{"href":"https:\/\/ufpr.br\/propg\/wp-json\/wp\/v2\/types\/post"}],"author":[{"embeddable":true,"href":"https:\/\/ufpr.br\/propg\/wp-json\/wp\/v2\/users\/27"}],"replies":[{"embeddable":true,"href":"https:\/\/ufpr.br\/propg\/wp-json\/wp\/v2\/comments?post=45969"}],"version-history":[{"count":5,"href":"https:\/\/ufpr.br\/propg\/wp-json\/wp\/v2\/posts\/45969\/revisions"}],"predecessor-version":[{"id":46088,"href":"https:\/\/ufpr.br\/propg\/wp-json\/wp\/v2\/posts\/45969\/revisions\/46088"}],"wp:attachment":[{"href":"https:\/\/ufpr.br\/propg\/wp-json\/wp\/v2\/media?parent=45969"}],"wp:term":[{"taxonomy":"category","embeddable":true,"href":"https:\/\/ufpr.br\/propg\/wp-json\/wp\/v2\/categories?post=45969"},{"taxonomy":"post_tag","embeddable":true,"href":"https:\/\/ufpr.br\/propg\/wp-json\/wp\/v2\/tags?post=45969"}],"curies":[{"name":"wp","href":"https:\/\/api.w.org\/{rel}","templated":true}]}}