{"id":17485,"date":"2025-09-18T15:04:51","date_gmt":"2025-09-18T18:04:51","guid":{"rendered":"https:\/\/ufpr.br\/cafe-com-sucupira-dialogos-com-a-capes-com-prof-antonio-gomes-de-souza-filho-diretor-de-avaliacao-da-capes"},"modified":"2025-12-02T11:09:15","modified_gmt":"2025-12-02T14:09:15","slug":"cafe-com-sucupira-dialogos-com-a-capes-com-prof-antonio-gomes-de-souza-filho-diretor-de-avaliacao-da-capes","status":"publish","type":"post","link":"https:\/\/ufpr.br\/propg\/cafe-com-sucupira-dialogos-com-a-capes-com-prof-antonio-gomes-de-souza-filho-diretor-de-avaliacao-da-capes\/","title":{"rendered":"[Caf\u00e9 com Sucupira] Di\u00e1logos com a CAPES: com Prof. Ant\u00f4nio Gomes de Souza Filho, Diretor de Avalia\u00e7\u00e3o da CAPES"},"content":{"rendered":"\n<div class=\"wp-block-columns is-layout-flex wp-container-core-columns-is-layout-9d6595d7 wp-block-columns-is-layout-flex\">\n<div class=\"wp-block-column is-layout-flow wp-block-column-is-layout-flow\">\n<blockquote class=\"wp-block-quote is-layout-flow wp-block-quote-is-layout-flow\"><\/blockquote>\n\n\n\n<div class=\"wp-block-columns is-layout-flex wp-container-core-columns-is-layout-9d6595d7 wp-block-columns-is-layout-flex\">\n<div class=\"wp-block-column is-layout-flow wp-block-column-is-layout-flow\" style=\"flex-basis:40%\">\n<figure class=\"wp-block-image size-large\"><a href=\"https:\/\/ufpr.br\/propg\/cpgss\/cafe-com-sucupira\/avaliacao-da-pos-graduacao\/\" target=\"_blank\" rel=\" noreferrer noopener\"><img decoding=\"async\" src=\"https:\/\/ufpr.br\/propg\/wp-content\/uploads\/2025\/11\/whatsapp-image-2025-09-08-at-15-31-14-819x1024.jpeg\" alt=\"\" class=\"wp-image-45011\"\/><\/a><\/figure>\n<\/div>\n\n\n\n<div class=\"wp-block-column is-layout-flow wp-block-column-is-layout-flow\" style=\"flex-basis:60%\">\n<p>A Pr\u00f3-Reitoria de P\u00f3s-Gradua\u00e7\u00e3o por meio da Coordenadoria de P\u00f3s-Gradua\u00e7\u00e3o Stricto Sensu (CPGSS) promove o evento\u00a0<strong>\u201cAvalia\u00e7\u00e3o da P\u00f3s-Gradua\u00e7\u00e3o: Di\u00e1logos com a CAPES\u201d<\/strong>, com a presen\u00e7a do\u00a0<strong>Prof. Dr. Ant\u00f4nio Gomes de Souza Filho<\/strong>, Diretor de Avalia\u00e7\u00e3o da CAPES,\u00a0como parte da\u00a0<a href=\"https:\/\/ufpr.br\/propg\/cpgss\/cafe-com-sucupira\/\" target=\"_blank\" rel=\"noreferrer noopener\">s\u00e9rie de eventos\u00a0<strong>Caf\u00e9 com Sucupira<\/strong><\/a>.<\/p>\n\n\n\n<p>O evento \u00e9 gratuito e voltado \u00e0s coordena\u00e7\u00f5es de PPGs, docentes, membros de comiss\u00f5es de avalia\u00e7\u00e3o e equipes t\u00e9cnico-administrativas que atuam na p\u00f3s-gradua\u00e7\u00e3o stricto sensu. A atividade integra as a\u00e7\u00f5es estrat\u00e9gicas da PROPG para o fortalecimento da gest\u00e3o acad\u00eamica e institucional dos Programas de P\u00f3s-Gradua\u00e7\u00e3o, alinhada ao planejamento do novo ciclo avaliativo da CAPES (2025\u20132028).<\/p>\n\n\n\n<p><strong>06\/10 \u2013 Caf\u00e9 com Sucupira: Di\u00e1logos com a CAPES: com Prof. Ant\u00f4nio Gomes de Souza Filho, Diretor de Avalia\u00e7\u00e3o da CAPES\u00a0\u00a0<\/strong><\/p>\n\n\n\n<p><strong>Tema:<\/strong>\u00a0Conversa com o Diretor de Avalia\u00e7\u00e3o da CAPES sobre os novos instrumentos de avalia\u00e7\u00e3o da p\u00f3s-gradua\u00e7\u00e3o\u00a0<\/p>\n\n\n\n<p><strong>Palestrante:<\/strong>\u00a0Prof. Dr. Ant\u00f4nio Gomes de Souza Filho (DAV\/CAPES)\u00a0<\/p>\n\n\n\n<p><strong>Local:<\/strong>\u00a0Audit\u00f3rio Professor Ulysses de Campos \u2013 Campus Bot\u00e2nico (com transmiss\u00e3o on-line para PPGs fora de Curitiba) <\/p>\n\n\n\n<p><strong>Hor\u00e1rio:<\/strong>\u00a0 14h\u201316h30 <\/p>\n\n\n\n<p>\u27a1\ufe0f\u00a0<a href=\"https:\/\/ufpr.br\/propg\/cpgss\/cafe-com-sucupira\/avaliacao-da-pos-graduacao\/\">Saiba mais \/ Inscri\u00e7\u00f5es<\/a><\/p>\n<\/div>\n<\/div>\n<\/div>\n<\/div>\n","protected":false},"excerpt":{"rendered":"<p>A Pr\u00f3-Reitoria de P\u00f3s-Gradua\u00e7\u00e3o por meio da Coordenadoria de P\u00f3s-Gradua\u00e7\u00e3o Stricto Sensu (CPGSS) promove o evento\u00a0\u201cAvalia\u00e7\u00e3o da P\u00f3s-Gradua\u00e7\u00e3o: Di\u00e1logos com a CAPES\u201d, com a presen\u00e7a do\u00a0Prof. Dr. Ant\u00f4nio Gomes de Souza Filho, Diretor de Avalia\u00e7\u00e3o da CAPES,\u00a0como parte da\u00a0s\u00e9rie de eventos\u00a0Caf\u00e9 com Sucupira. O evento \u00e9 gratuito e voltado \u00e0s coordena\u00e7\u00f5es de PPGs, docentes, membros [&hellip;]<\/p>\n","protected":false},"author":16,"featured_media":0,"comment_status":"open","ping_status":"open","sticky":false,"template":"","format":"standard","meta":{"footnotes":""},"categories":[386],"tags":[],"class_list":["post-17485","post","type-post","status-publish","format-standard","hentry","category-mestrado-e-doutorado"],"_links":{"self":[{"href":"https:\/\/ufpr.br\/propg\/wp-json\/wp\/v2\/posts\/17485","targetHints":{"allow":["GET"]}}],"collection":[{"href":"https:\/\/ufpr.br\/propg\/wp-json\/wp\/v2\/posts"}],"about":[{"href":"https:\/\/ufpr.br\/propg\/wp-json\/wp\/v2\/types\/post"}],"author":[{"embeddable":true,"href":"https:\/\/ufpr.br\/propg\/wp-json\/wp\/v2\/users\/16"}],"replies":[{"embeddable":true,"href":"https:\/\/ufpr.br\/propg\/wp-json\/wp\/v2\/comments?post=17485"}],"version-history":[{"count":4,"href":"https:\/\/ufpr.br\/propg\/wp-json\/wp\/v2\/posts\/17485\/revisions"}],"predecessor-version":[{"id":19505,"href":"https:\/\/ufpr.br\/propg\/wp-json\/wp\/v2\/posts\/17485\/revisions\/19505"}],"wp:attachment":[{"href":"https:\/\/ufpr.br\/propg\/wp-json\/wp\/v2\/media?parent=17485"}],"wp:term":[{"taxonomy":"category","embeddable":true,"href":"https:\/\/ufpr.br\/propg\/wp-json\/wp\/v2\/categories?post=17485"},{"taxonomy":"post_tag","embeddable":true,"href":"https:\/\/ufpr.br\/propg\/wp-json\/wp\/v2\/tags?post=17485"}],"curies":[{"name":"wp","href":"https:\/\/api.w.org\/{rel}","templated":true}]}}