{"id":17229,"date":"2025-08-05T09:54:51","date_gmt":"2025-08-05T12:54:51","guid":{"rendered":"https:\/\/ufpr.br\/processo-seletivo-mestrado-em-tocoginecologia-e-saude-da-mulher-turma-2026"},"modified":"2025-12-02T11:06:21","modified_gmt":"2025-12-02T14:06:21","slug":"processo-seletivo-mestrado-em-tocoginecologia-e-saude-da-mulher-turma-2026","status":"publish","type":"post","link":"https:\/\/ufpr.br\/propg\/processo-seletivo-mestrado-em-tocoginecologia-e-saude-da-mulher-turma-2026\/","title":{"rendered":"[Processo seletivo] Mestrado em Tocoginecologia e Sa\u00fade da Mulher Turma 2026"},"content":{"rendered":"\n<div class=\"wp-block-columns is-layout-flex wp-container-core-columns-is-layout-9d6595d7 wp-block-columns-is-layout-flex\">\n<div class=\"wp-block-column is-layout-flow wp-block-column-is-layout-flow\" style=\"flex-basis:33.33%\">\n<figure class=\"wp-block-image size-full\"><img decoding=\"async\" src=\"https:\/\/ufpr.br\/propg\/wp-content\/uploads\/2025\/08\/divulgacao-processo-seletivo-pgtoco.jpeg\" alt=\"\" class=\"wp-image-44926\"\/><\/figure>\n<\/div>\n\n\n\n<div class=\"wp-block-column is-layout-flow wp-block-column-is-layout-flow\" style=\"flex-basis:66.66%\">\n<p>Est\u00e1 aberto o Processo Seletivo para a Turma 2026 do Programa de P\u00f3s-Gradua\u00e7\u00e3o em Tocoginecologia e Sa\u00fade da Mulher em n\u00edvel de mestrado.<\/p>\n\n\n\n<p>O per\u00edodo de inscri\u00e7\u00e3o ser\u00e1 do dia 1 de agosto at\u00e9 3 de outubro de 2025, exclusivamente por meio de formul\u00e1rio eletr\u00f4nico dispon\u00edvel no site www.pgtoco.ufpr.br.<\/p>\n\n\n\n<p>Para maiores informa\u00e7\u00f5es, acessem o Edital 05\/2025 dispon\u00edvel em&nbsp;<a href=\"http:\/\/www.pgtoco.ufpr.br\/\" target=\"_blank\" rel=\"noreferrer noopener\">www.pgtoco.ufpr.br<\/a><\/p>\n<\/div>\n<\/div>\n\n\n\n<p><\/p>\n","protected":false},"excerpt":{"rendered":"<p>Est\u00e1 aberto o Processo Seletivo para a Turma 2026 do Programa de P\u00f3s-Gradua\u00e7\u00e3o em Tocoginecologia e Sa\u00fade da Mulher em n\u00edvel de mestrado. O per\u00edodo de inscri\u00e7\u00e3o ser\u00e1 do dia 1 de agosto at\u00e9 3 de outubro de 2025, exclusivamente por meio de formul\u00e1rio eletr\u00f4nico dispon\u00edvel no site www.pgtoco.ufpr.br. Para maiores informa\u00e7\u00f5es, acessem o Edital [&hellip;]<\/p>\n","protected":false},"author":18,"featured_media":0,"comment_status":"open","ping_status":"open","sticky":false,"template":"","format":"standard","meta":{"footnotes":""},"categories":[381,386],"tags":[],"class_list":["post-17229","post","type-post","status-publish","format-standard","hentry","category-editais-e-processos-seletivos","category-mestrado-e-doutorado"],"_links":{"self":[{"href":"https:\/\/ufpr.br\/propg\/wp-json\/wp\/v2\/posts\/17229","targetHints":{"allow":["GET"]}}],"collection":[{"href":"https:\/\/ufpr.br\/propg\/wp-json\/wp\/v2\/posts"}],"about":[{"href":"https:\/\/ufpr.br\/propg\/wp-json\/wp\/v2\/types\/post"}],"author":[{"embeddable":true,"href":"https:\/\/ufpr.br\/propg\/wp-json\/wp\/v2\/users\/18"}],"replies":[{"embeddable":true,"href":"https:\/\/ufpr.br\/propg\/wp-json\/wp\/v2\/comments?post=17229"}],"version-history":[{"count":3,"href":"https:\/\/ufpr.br\/propg\/wp-json\/wp\/v2\/posts\/17229\/revisions"}],"predecessor-version":[{"id":19495,"href":"https:\/\/ufpr.br\/propg\/wp-json\/wp\/v2\/posts\/17229\/revisions\/19495"}],"wp:attachment":[{"href":"https:\/\/ufpr.br\/propg\/wp-json\/wp\/v2\/media?parent=17229"}],"wp:term":[{"taxonomy":"category","embeddable":true,"href":"https:\/\/ufpr.br\/propg\/wp-json\/wp\/v2\/categories?post=17229"},{"taxonomy":"post_tag","embeddable":true,"href":"https:\/\/ufpr.br\/propg\/wp-json\/wp\/v2\/tags?post=17229"}],"curies":[{"name":"wp","href":"https:\/\/api.w.org\/{rel}","templated":true}]}}