{"id":17222,"date":"2025-08-05T17:07:34","date_gmt":"2025-08-05T20:07:34","guid":{"rendered":"https:\/\/ufpr.br\/importante-banca-unificada-de-validacao-de-autodeclaracoes-acoes-afirmativas-na-pos-graduacao"},"modified":"2025-12-02T11:06:08","modified_gmt":"2025-12-02T14:06:08","slug":"importante-banca-unificada-de-validacao-de-autodeclaracoes-acoes-afirmativas-na-pos-graduacao","status":"publish","type":"post","link":"https:\/\/ufpr.br\/propg\/importante-banca-unificada-de-validacao-de-autodeclaracoes-acoes-afirmativas-na-pos-graduacao\/","title":{"rendered":"[Editais] Banca Unificada de Valida\u00e7\u00e3o de Autodeclara\u00e7\u00f5es &#8211; A\u00e7\u00f5es Afirmativas na P\u00f3s-Gradua\u00e7\u00e3o"},"content":{"rendered":"\n<figure class=\"wp-block-image size-large\"><img decoding=\"async\" src=\"https:\/\/ufpr.br\/propg\/wp-content\/uploads\/2025\/08\/banner-2-1024x430.jpg\" alt=\"\" class=\"wp-image-44935\"\/><\/figure>\n\n\n\n<h2 class=\"wp-block-heading\"><mark style=\"background-color:rgba(0, 0, 0, 0)\" class=\"has-inline-color has-vivid-red-color\">[Importante]<\/mark> Banca Unificada de Valida\u00e7\u00e3o de Autodeclara\u00e7\u00f5es &#8211; A\u00e7\u00f5es Afirmativas na P\u00f3s-Gradua\u00e7\u00e3o<\/h2>\n\n\n\n<div style=\"height:25px\" aria-hidden=\"true\" class=\"wp-block-spacer\"><\/div>\n\n\n\n<p>Prezado(as)<\/p>\n\n\n\n<p>Informamos que foi publicado o <strong>Edital n\u00ba 01\/2025 \u2013 PROPG\/PROAFE\/NC\/UFPR, referente \u00e0 Banca Unificada para Valida\u00e7\u00e3o Pr\u00e9via das Autodeclara\u00e7\u00f5es de pessoas negras (pretas ou pardas)<\/strong>.<\/p>\n\n\n\n<p>? <a href=\"https:\/\/ufpr.br\/propg\/cpgss\/acoes-afirmativas\/banca-unificada\/\" target=\"_blank\" rel=\"noreferrer noopener\">https:\/\/ufpr.br\/propg\/cpgss\/acoes-afirmativas\/banca-unificada\/<\/a><\/p>\n\n\n\n<p>A iniciativa atende a uma demanda das coordena\u00e7\u00f5es e tem como objetivo reduzir a realiza\u00e7\u00e3o de bancas locais, al\u00e9m de promover maior padroniza\u00e7\u00e3o e seguran\u00e7a jur\u00eddica.<\/p>\n\n\n\n<p>A participa\u00e7\u00e3o \u00e9 obrigat\u00f3ria para quem deseja concorrer \u00e0s vagas reservadas e ainda n\u00e3o passou por banca de valida\u00e7\u00e3o de autodeclara\u00e7\u00e3o da UFPR.<\/p>\n\n\n\n<p>Solicitamos o apoio das coordena\u00e7\u00f5es de PPGs na divulga\u00e7\u00e3o do edital em seus canais institucionais (sites, redes sociais, e-mails, entre outros) .<\/p>\n\n\n\n<p><strong>Em caso de d\u00favidas,<\/strong> as pessoas interessadas devem entrar em contato pelo e-mail:<br>? <a href=\"mailto:afirmativas.pg@ufpr.br\" target=\"_blank\" rel=\"noreferrer noopener\">afirmativas.pg@ufpr.br<\/a><\/p>\n\n\n\n<p>\u00a0Atenciosamente,<\/p>\n\n\n\n<p>Coordenadoria de P\u00f3s-Gradua\u00e7\u00e3o Stricto Sensu (CPGSS)<br>Pr\u00f3-Reitoria de P\u00f3s-Gradua\u00e7\u00e3o (PROPG)<br>Universidade Federal do Paran\u00e1 (UFPR)<\/p>\n","protected":false},"excerpt":{"rendered":"<p>[Importante] Banca Unificada de Valida\u00e7\u00e3o de Autodeclara\u00e7\u00f5es &#8211; A\u00e7\u00f5es Afirmativas na P\u00f3s-Gradua\u00e7\u00e3o Prezado(as) Informamos que foi publicado o Edital n\u00ba 01\/2025 \u2013 PROPG\/PROAFE\/NC\/UFPR, referente \u00e0 Banca Unificada para Valida\u00e7\u00e3o Pr\u00e9via das Autodeclara\u00e7\u00f5es de pessoas negras (pretas ou pardas). ? https:\/\/ufpr.br\/propg\/cpgss\/acoes-afirmativas\/banca-unificada\/ A iniciativa atende a uma demanda das coordena\u00e7\u00f5es e tem como objetivo reduzir a realiza\u00e7\u00e3o [&hellip;]<\/p>\n","protected":false},"author":18,"featured_media":0,"comment_status":"open","ping_status":"open","sticky":false,"template":"","format":"standard","meta":{"footnotes":""},"categories":[381,386],"tags":[],"class_list":["post-17222","post","type-post","status-publish","format-standard","hentry","category-editais-e-processos-seletivos","category-mestrado-e-doutorado"],"_links":{"self":[{"href":"https:\/\/ufpr.br\/propg\/wp-json\/wp\/v2\/posts\/17222","targetHints":{"allow":["GET"]}}],"collection":[{"href":"https:\/\/ufpr.br\/propg\/wp-json\/wp\/v2\/posts"}],"about":[{"href":"https:\/\/ufpr.br\/propg\/wp-json\/wp\/v2\/types\/post"}],"author":[{"embeddable":true,"href":"https:\/\/ufpr.br\/propg\/wp-json\/wp\/v2\/users\/18"}],"replies":[{"embeddable":true,"href":"https:\/\/ufpr.br\/propg\/wp-json\/wp\/v2\/comments?post=17222"}],"version-history":[{"count":8,"href":"https:\/\/ufpr.br\/propg\/wp-json\/wp\/v2\/posts\/17222\/revisions"}],"predecessor-version":[{"id":19493,"href":"https:\/\/ufpr.br\/propg\/wp-json\/wp\/v2\/posts\/17222\/revisions\/19493"}],"wp:attachment":[{"href":"https:\/\/ufpr.br\/propg\/wp-json\/wp\/v2\/media?parent=17222"}],"wp:term":[{"taxonomy":"category","embeddable":true,"href":"https:\/\/ufpr.br\/propg\/wp-json\/wp\/v2\/categories?post=17222"},{"taxonomy":"post_tag","embeddable":true,"href":"https:\/\/ufpr.br\/propg\/wp-json\/wp\/v2\/tags?post=17222"}],"curies":[{"name":"wp","href":"https:\/\/api.w.org\/{rel}","templated":true}]}}