{"id":17203,"date":"2025-08-05T09:32:54","date_gmt":"2025-08-05T12:32:54","guid":{"rendered":"https:\/\/ufpr.br\/processo-seletivo-mestrado-e-doutorado-em-administracao-turmas-2026"},"modified":"2025-12-02T11:06:46","modified_gmt":"2025-12-02T14:06:46","slug":"processo-seletivo-mestrado-e-doutorado-em-administracao-turmas-2026","status":"publish","type":"post","link":"https:\/\/ufpr.br\/propg\/processo-seletivo-mestrado-e-doutorado-em-administracao-turmas-2026\/","title":{"rendered":"[Processo Seletivo] Mestrado e Doutorado em Administra\u00e7\u00e3o Turmas 2026"},"content":{"rendered":"<div class=\"wp-block-image\">\n<figure class=\"aligncenter size-large\"><img decoding=\"async\" src=\"https:\/\/ufpr.br\/propg\/wp-content\/uploads\/2025\/08\/adm-banner-2-1024x316.jpg\" alt=\"\" class=\"wp-image-44908\"\/><\/figure><\/div>\n\n\n<div style=\"height:25px\" aria-hidden=\"true\" class=\"wp-block-spacer\"><\/div>\n\n\n\n<h2 class=\"wp-block-heading\">Processo\u00a0Seletivo\u00a0do Programa de P\u00f3s-gradua\u00e7\u00e3o em Administra\u00e7\u00e3o (PPGADM\/UFPR) para Mestrado e Doutorado \u2013 Turmas 2026<\/h2>\n\n\n\n<p>Inscri\u00e7\u00f5es at\u00e9 12 de outubro de 2025<\/p>\n\n\n\n<p>O PPGADM\/UFPR divulga o Edital n.\u00ba 12\/2025 do Processo\u00a0Seletivo\u00a0\u2013 Mestrado em Administra\u00e7\u00e3o e o Edital n.\u00ba 13\/2025 do Processo\u00a0Seletivo\u00a0\u2013 Doutorado em Administra\u00e7\u00e3o, ambos para ingresso em 2026.<\/p>\n\n\n\n<p>Mais informa\u00e7\u00f5es est\u00e3o dispon\u00edveis na p\u00e1gina do Programa, pelos links abaixo:<\/p>\n\n\n\n<p><strong>Mestrado<\/strong>:<\/p>\n\n\n\n<p><a href=\"https:\/\/www.prppg.ufpr.br\/site\/ppgadm\/pb\/processo-seletivo-2\/editais-mestrado\" target=\"_blank\" rel=\"noreferrer noopener\">https:\/\/www.prppg.ufpr.br\/site\/ppgadm\/pb\/processo-seletivo-2\/editais-mestrado<\/a><\/p>\n\n\n\n<p><strong>Doutorado:<\/strong><\/p>\n\n\n\n<p><a href=\"https:\/\/www.prppg.ufpr.br\/site\/ppgadm\/pb\/processo-seletivo-2\/editais-doutorado\" target=\"_blank\" rel=\"noreferrer noopener\">https:\/\/www.prppg.ufpr.br\/site\/ppgadm\/pb\/processo-seletivo-2\/editais-doutorado<\/a><\/p>\n","protected":false},"excerpt":{"rendered":"<p>Processo\u00a0Seletivo\u00a0do Programa de P\u00f3s-gradua\u00e7\u00e3o em Administra\u00e7\u00e3o (PPGADM\/UFPR) para Mestrado e Doutorado \u2013 Turmas 2026 Inscri\u00e7\u00f5es at\u00e9 12 de outubro de 2025 O PPGADM\/UFPR divulga o Edital n.\u00ba 12\/2025 do Processo\u00a0Seletivo\u00a0\u2013 Mestrado em Administra\u00e7\u00e3o e o Edital n.\u00ba 13\/2025 do Processo\u00a0Seletivo\u00a0\u2013 Doutorado em Administra\u00e7\u00e3o, ambos para ingresso em 2026. Mais informa\u00e7\u00f5es est\u00e3o dispon\u00edveis na p\u00e1gina do [&hellip;]<\/p>\n","protected":false},"author":18,"featured_media":0,"comment_status":"open","ping_status":"open","sticky":false,"template":"","format":"standard","meta":{"footnotes":""},"categories":[381,386],"tags":[],"class_list":["post-17203","post","type-post","status-publish","format-standard","hentry","category-editais-e-processos-seletivos","category-mestrado-e-doutorado"],"_links":{"self":[{"href":"https:\/\/ufpr.br\/propg\/wp-json\/wp\/v2\/posts\/17203","targetHints":{"allow":["GET"]}}],"collection":[{"href":"https:\/\/ufpr.br\/propg\/wp-json\/wp\/v2\/posts"}],"about":[{"href":"https:\/\/ufpr.br\/propg\/wp-json\/wp\/v2\/types\/post"}],"author":[{"embeddable":true,"href":"https:\/\/ufpr.br\/propg\/wp-json\/wp\/v2\/users\/18"}],"replies":[{"embeddable":true,"href":"https:\/\/ufpr.br\/propg\/wp-json\/wp\/v2\/comments?post=17203"}],"version-history":[{"count":8,"href":"https:\/\/ufpr.br\/propg\/wp-json\/wp\/v2\/posts\/17203\/revisions"}],"predecessor-version":[{"id":19498,"href":"https:\/\/ufpr.br\/propg\/wp-json\/wp\/v2\/posts\/17203\/revisions\/19498"}],"wp:attachment":[{"href":"https:\/\/ufpr.br\/propg\/wp-json\/wp\/v2\/media?parent=17203"}],"wp:term":[{"taxonomy":"category","embeddable":true,"href":"https:\/\/ufpr.br\/propg\/wp-json\/wp\/v2\/categories?post=17203"},{"taxonomy":"post_tag","embeddable":true,"href":"https:\/\/ufpr.br\/propg\/wp-json\/wp\/v2\/tags?post=17203"}],"curies":[{"name":"wp","href":"https:\/\/api.w.org\/{rel}","templated":true}]}}