{"id":17183,"date":"2025-07-24T11:23:29","date_gmt":"2025-07-24T14:23:29","guid":{"rendered":"https:\/\/ufpr.br\/professor-senior-comunicado-sobre-bolsas-institucionais"},"modified":"2025-12-02T11:02:15","modified_gmt":"2025-12-02T14:02:15","slug":"professor-senior-comunicado-sobre-bolsas-institucionais","status":"publish","type":"post","link":"https:\/\/ufpr.br\/propg\/professor-senior-comunicado-sobre-bolsas-institucionais\/","title":{"rendered":"[Professor S\u00eanior] Comunicado sobre Bolsas Institucionais"},"content":{"rendered":"\n<h2 class=\"wp-block-heading\">COMUNICADO<\/h2>\n\n\n\n<p>Considerando as restri\u00e7\u00f5es or\u00e7ament\u00e1rias previstas para o exerc\u00edcio de 2025, informamos que o pagamento das bolsas destinadas ao Programa Professor S\u00eanior ser\u00e1 interrompido a partir de julho de 2025. Essa medida visa ajustar as despesas da Universidade Federal do Paran\u00e1 \u00e0 disponibilidade de recursos, garantindo a sustentabilidade financeira das atividades institucionais priorit\u00e1rias.<\/p>\n\n\n\n<p>Reconhecemos a importante contribui\u00e7\u00e3o do Programa Professor S\u00eanior para o fortalecimento das atividades acad\u00eamicas e cient\u00edficas da p\u00f3s-gradua\u00e7\u00e3o. Por esse motivo, a PROPG iniciar\u00e1 um estudo avaliativo sobre os resultados e impactos do programa, com o objetivo de subsidiar decis\u00f5es futuras sobre sua eventual reestrutura\u00e7\u00e3o e a retomada do pagamento das bolsas institucionais, conforme as condi\u00e7\u00f5es or\u00e7ament\u00e1rias.<\/p>\n\n\n\n<p><strong>Cabe ressaltar que <mark style=\"background-color:#fcb900\" class=\"has-inline-color has-black-color\">o credenciamento de docentes s\u00eaniors volunt\u00e1rios continuar\u00e1 ocorrendo normalmente<\/mark><mark style=\"background-color:#00000000\" class=\"has-inline-color\">.<\/mark><\/strong> Este informe refere-se exclusivamente \u00e0 suspens\u00e3o do pagamento das bolsas institucionais vinculadas ao programa.<\/p>\n\n\n\n<p>Atenciosamente,<br>Comit\u00ea Gestor do Programa Professor S\u00eanior<\/p>\n\n\n\n<p><\/p>\n","protected":false},"excerpt":{"rendered":"<p>COMUNICADO Considerando as restri\u00e7\u00f5es or\u00e7ament\u00e1rias previstas para o exerc\u00edcio de 2025, informamos que o pagamento das bolsas destinadas ao Programa Professor S\u00eanior ser\u00e1 interrompido a partir de julho de 2025. Essa medida visa ajustar as despesas da Universidade Federal do Paran\u00e1 \u00e0 disponibilidade de recursos, garantindo a sustentabilidade financeira das atividades institucionais priorit\u00e1rias. Reconhecemos a [&hellip;]<\/p>\n","protected":false},"author":16,"featured_media":0,"comment_status":"open","ping_status":"open","sticky":false,"template":"","format":"standard","meta":{"footnotes":""},"categories":[386],"tags":[],"class_list":["post-17183","post","type-post","status-publish","format-standard","hentry","category-mestrado-e-doutorado"],"_links":{"self":[{"href":"https:\/\/ufpr.br\/propg\/wp-json\/wp\/v2\/posts\/17183","targetHints":{"allow":["GET"]}}],"collection":[{"href":"https:\/\/ufpr.br\/propg\/wp-json\/wp\/v2\/posts"}],"about":[{"href":"https:\/\/ufpr.br\/propg\/wp-json\/wp\/v2\/types\/post"}],"author":[{"embeddable":true,"href":"https:\/\/ufpr.br\/propg\/wp-json\/wp\/v2\/users\/16"}],"replies":[{"embeddable":true,"href":"https:\/\/ufpr.br\/propg\/wp-json\/wp\/v2\/comments?post=17183"}],"version-history":[{"count":4,"href":"https:\/\/ufpr.br\/propg\/wp-json\/wp\/v2\/posts\/17183\/revisions"}],"predecessor-version":[{"id":19461,"href":"https:\/\/ufpr.br\/propg\/wp-json\/wp\/v2\/posts\/17183\/revisions\/19461"}],"wp:attachment":[{"href":"https:\/\/ufpr.br\/propg\/wp-json\/wp\/v2\/media?parent=17183"}],"wp:term":[{"taxonomy":"category","embeddable":true,"href":"https:\/\/ufpr.br\/propg\/wp-json\/wp\/v2\/categories?post=17183"},{"taxonomy":"post_tag","embeddable":true,"href":"https:\/\/ufpr.br\/propg\/wp-json\/wp\/v2\/tags?post=17183"}],"curies":[{"name":"wp","href":"https:\/\/api.w.org\/{rel}","templated":true}]}}