{"id":17182,"date":"2025-07-23T13:24:13","date_gmt":"2025-07-23T16:24:13","guid":{"rendered":"https:\/\/ufpr.br\/processo-seletivo-mestrado-em-engenharia-de-bioprocessos-e-biotecnologia-5"},"modified":"2025-12-02T11:02:24","modified_gmt":"2025-12-02T14:02:24","slug":"processo-seletivo-mestrado-em-engenharia-de-bioprocessos-e-biotecnologia-5","status":"publish","type":"post","link":"https:\/\/ufpr.br\/propg\/processo-seletivo-mestrado-em-engenharia-de-bioprocessos-e-biotecnologia-5\/","title":{"rendered":"[Processo Seletivo] Mestrado em Engenharia de Bioprocessos e Biotecnologia"},"content":{"rendered":"\n<p><\/p>\n\n\n\n<div class=\"wp-block-columns is-layout-flex wp-container-core-columns-is-layout-9d6595d7 wp-block-columns-is-layout-flex\">\n<div class=\"wp-block-column is-layout-flow wp-block-column-is-layout-flow\" style=\"flex-basis:40%\">\n<figure class=\"wp-block-image size-large\"><a href=\"https:\/\/www.prppg.ufpr.br\/site\/ppgebb\/pb\/processo-seletivo\" target=\"_blank\" rel=\" noreferrer noopener\"><img decoding=\"async\" src=\"https:\/\/ufpr.br\/propg\/wp-content\/uploads\/2025\/07\/mestrado-ppgebb-post-redes-sociais-1024x1024.png\" alt=\"\" class=\"wp-image-44583\"\/><\/a><\/figure>\n<\/div>\n\n\n\n<div class=\"wp-block-column is-layout-flow wp-block-column-is-layout-flow\" style=\"flex-basis:60%\">\n<p>Est\u00e3o abertas, at\u00e9 o dia <strong data-start=\"242\" data-end=\"265\">6 de agosto de 2025<\/strong>, as inscri\u00e7\u00f5es para o processo seletivo do curso de <strong data-start=\"318\" data-end=\"386\">Mestrado em Engenharia de Bioprocessos e Biotecnologia<\/strong> da UFPR, com ingresso no <strong data-start=\"412\" data-end=\"435\">2\u00ba semestre de 2025<\/strong>.<\/p>\n\n\n\n<p>O programa oferece <strong data-start=\"457\" data-end=\"477\">bolsas de estudo<\/strong>, conforme disponibilidade e crit\u00e9rios definidos em edital.<\/p>\n\n\n\n<p><strong data-start=\"541\" data-end=\"582\">Acesse o edital e demais informa\u00e7\u00f5es em:<\/strong><br><a href=\"https:\/\/www.prppg.ufpr.br\/site\/ppgebb\/pb\/processo-seletivo\/\" target=\"_blank\" rel=\"noreferrer noopener\">https:\/\/www.prppg.ufpr.br\/site\/ppgebb\/pb\/processo-seletivo<\/a><\/p>\n<\/div>\n<\/div>\n","protected":false},"excerpt":{"rendered":"<p>Est\u00e3o abertas, at\u00e9 o dia 6 de agosto de 2025, as inscri\u00e7\u00f5es para o processo seletivo do curso de Mestrado em Engenharia de Bioprocessos e Biotecnologia da UFPR, com ingresso no 2\u00ba semestre de 2025. O programa oferece bolsas de estudo, conforme disponibilidade e crit\u00e9rios definidos em edital. Acesse o edital e demais informa\u00e7\u00f5es em:https:\/\/www.prppg.ufpr.br\/site\/ppgebb\/pb\/processo-seletivo<\/p>\n","protected":false},"author":16,"featured_media":0,"comment_status":"open","ping_status":"open","sticky":false,"template":"","format":"standard","meta":{"footnotes":""},"categories":[381,386],"tags":[],"class_list":["post-17182","post","type-post","status-publish","format-standard","hentry","category-editais-e-processos-seletivos","category-mestrado-e-doutorado"],"_links":{"self":[{"href":"https:\/\/ufpr.br\/propg\/wp-json\/wp\/v2\/posts\/17182","targetHints":{"allow":["GET"]}}],"collection":[{"href":"https:\/\/ufpr.br\/propg\/wp-json\/wp\/v2\/posts"}],"about":[{"href":"https:\/\/ufpr.br\/propg\/wp-json\/wp\/v2\/types\/post"}],"author":[{"embeddable":true,"href":"https:\/\/ufpr.br\/propg\/wp-json\/wp\/v2\/users\/16"}],"replies":[{"embeddable":true,"href":"https:\/\/ufpr.br\/propg\/wp-json\/wp\/v2\/comments?post=17182"}],"version-history":[{"count":6,"href":"https:\/\/ufpr.br\/propg\/wp-json\/wp\/v2\/posts\/17182\/revisions"}],"predecessor-version":[{"id":19463,"href":"https:\/\/ufpr.br\/propg\/wp-json\/wp\/v2\/posts\/17182\/revisions\/19463"}],"wp:attachment":[{"href":"https:\/\/ufpr.br\/propg\/wp-json\/wp\/v2\/media?parent=17182"}],"wp:term":[{"taxonomy":"category","embeddable":true,"href":"https:\/\/ufpr.br\/propg\/wp-json\/wp\/v2\/categories?post=17182"},{"taxonomy":"post_tag","embeddable":true,"href":"https:\/\/ufpr.br\/propg\/wp-json\/wp\/v2\/tags?post=17182"}],"curies":[{"name":"wp","href":"https:\/\/api.w.org\/{rel}","templated":true}]}}