{"id":17030,"date":"2025-01-20T18:11:47","date_gmt":"2025-01-20T21:11:47","guid":{"rendered":"https:\/\/ufpr.br\/processo-seletivo-do-programa-de-pos-graduacao-em-meio-ambiente-urbano-e-industrial-ppgmaui"},"modified":"2025-12-02T10:44:01","modified_gmt":"2025-12-02T13:44:01","slug":"processo-seletivo-do-programa-de-pos-graduacao-em-meio-ambiente-urbano-e-industrial-ppgmaui","status":"publish","type":"post","link":"https:\/\/ufpr.br\/propg\/processo-seletivo-do-programa-de-pos-graduacao-em-meio-ambiente-urbano-e-industrial-ppgmaui\/","title":{"rendered":"Processo seletivo do Programa de P\u00f3s-Gradua\u00e7\u00e3o em Meio Ambiente Urbano e Industrial &#8211; PPGMAUI."},"content":{"rendered":"\n<div class=\"wp-block-columns is-layout-flex wp-container-core-columns-is-layout-9d6595d7 wp-block-columns-is-layout-flex\">\n<div class=\"wp-block-column is-layout-flow wp-block-column-is-layout-flow\" style=\"flex-basis:50%\">\n<figure class=\"wp-block-image size-large\"><img decoding=\"async\" src=\"https:\/\/ufpr.br\/propg\/wp-content\/uploads\/2025\/01\/poste-divulgacao-724x1024.jpg\" alt=\"\" class=\"wp-image-41750\"\/><\/figure>\n<\/div>\n\n\n\n<div class=\"wp-block-column is-layout-flow wp-block-column-is-layout-flow\" style=\"flex-basis:50%\">\n<p>Divulga\u00e7\u00e3o do processo seletivo do Programa de P\u00f3s-Gradua\u00e7\u00e3o em Meio Ambiente Urbano e Industrial &#8211; PPGMAUI.<\/p>\n\n\n\n<p>Mais informa\u00e7\u00f5es em: <a href=\"https:\/\/www.prppg.ufpr.br\/site\/ppgmaui\/pb\/\" target=\"_blank\" rel=\"noreferrer noopener\">https:\/\/www.prppg.ufpr.br\/site\/ppgmaui\/pb\/<\/a><\/p>\n<\/div>\n<\/div>\n","protected":false},"excerpt":{"rendered":"<p>Divulga\u00e7\u00e3o do processo seletivo do Programa de P\u00f3s-Gradua\u00e7\u00e3o em Meio Ambiente Urbano e Industrial &#8211; PPGMAUI. Mais informa\u00e7\u00f5es em: https:\/\/www.prppg.ufpr.br\/site\/ppgmaui\/pb\/<\/p>\n","protected":false},"author":18,"featured_media":0,"comment_status":"open","ping_status":"open","sticky":false,"template":"","format":"standard","meta":{"footnotes":""},"categories":[381,386],"tags":[],"class_list":["post-17030","post","type-post","status-publish","format-standard","hentry","category-editais-e-processos-seletivos","category-mestrado-e-doutorado"],"_links":{"self":[{"href":"https:\/\/ufpr.br\/propg\/wp-json\/wp\/v2\/posts\/17030","targetHints":{"allow":["GET"]}}],"collection":[{"href":"https:\/\/ufpr.br\/propg\/wp-json\/wp\/v2\/posts"}],"about":[{"href":"https:\/\/ufpr.br\/propg\/wp-json\/wp\/v2\/types\/post"}],"author":[{"embeddable":true,"href":"https:\/\/ufpr.br\/propg\/wp-json\/wp\/v2\/users\/18"}],"replies":[{"embeddable":true,"href":"https:\/\/ufpr.br\/propg\/wp-json\/wp\/v2\/comments?post=17030"}],"version-history":[{"count":6,"href":"https:\/\/ufpr.br\/propg\/wp-json\/wp\/v2\/posts\/17030\/revisions"}],"predecessor-version":[{"id":19422,"href":"https:\/\/ufpr.br\/propg\/wp-json\/wp\/v2\/posts\/17030\/revisions\/19422"}],"wp:attachment":[{"href":"https:\/\/ufpr.br\/propg\/wp-json\/wp\/v2\/media?parent=17030"}],"wp:term":[{"taxonomy":"category","embeddable":true,"href":"https:\/\/ufpr.br\/propg\/wp-json\/wp\/v2\/categories?post=17030"},{"taxonomy":"post_tag","embeddable":true,"href":"https:\/\/ufpr.br\/propg\/wp-json\/wp\/v2\/tags?post=17030"}],"curies":[{"name":"wp","href":"https:\/\/api.w.org\/{rel}","templated":true}]}}