{"id":16980,"date":"2024-11-19T11:20:58","date_gmt":"2024-11-19T14:20:58","guid":{"rendered":"https:\/\/ufpr.br\/processo-seletivo-mestrado-e-doutorado-do-programa-de-pos-graduacao-em-engenharia-ambiental-ppgea-ufpr"},"modified":"2025-12-02T10:41:05","modified_gmt":"2025-12-02T13:41:05","slug":"processo-seletivo-mestrado-e-doutorado-do-programa-de-pos-graduacao-em-engenharia-ambiental-ppgea-ufpr","status":"publish","type":"post","link":"https:\/\/ufpr.br\/propg\/processo-seletivo-mestrado-e-doutorado-do-programa-de-pos-graduacao-em-engenharia-ambiental-ppgea-ufpr\/","title":{"rendered":"[Processo seletivo] Mestrado e Doutorado do Programa de P\u00f3s-Gradua\u00e7\u00e3o em Engenharia Ambiental &#8211; PPGEA\/UFPR"},"content":{"rendered":"\n<p>Est\u00e3o abertas inscri\u00e7\u00f5es para os Processos Seletivos do Mestrado (modalidades Regular e Especial) e Doutorado (modalidade Especial) do Programa de P\u00f3s-Gradua\u00e7\u00e3o em Engenharia Ambiental &#8211; PPGEA\/UFPR.<\/p>\n\n\n\n<p>Todos os Editais e informa\u00e7\u00f5es detalhadas sobre inscri\u00e7\u00f5es est\u00e3o dispon\u00edveis em\u00a0<a href=\"http:\/\/www.prppg.ufpr.br\/site\/ppgea\/processo-seletivo\/\" target=\"_blank\" rel=\"noreferrer noopener\">http:\/\/www.prppg.ufpr.br\/site\/ppgea\/processo-seletivo\/<\/a><\/p>\n","protected":false},"excerpt":{"rendered":"<p>Est\u00e3o abertas inscri\u00e7\u00f5es para os Processos Seletivos do Mestrado (modalidades Regular e Especial) e Doutorado (modalidade Especial) do Programa de P\u00f3s-Gradua\u00e7\u00e3o em Engenharia Ambiental &#8211; PPGEA\/UFPR. Todos os Editais e informa\u00e7\u00f5es detalhadas sobre inscri\u00e7\u00f5es est\u00e3o dispon\u00edveis em\u00a0http:\/\/www.prppg.ufpr.br\/site\/ppgea\/processo-seletivo\/<\/p>\n","protected":false},"author":18,"featured_media":0,"comment_status":"open","ping_status":"open","sticky":false,"template":"","format":"standard","meta":{"footnotes":""},"categories":[381,386],"tags":[],"class_list":["post-16980","post","type-post","status-publish","format-standard","hentry","category-editais-e-processos-seletivos","category-mestrado-e-doutorado"],"_links":{"self":[{"href":"https:\/\/ufpr.br\/propg\/wp-json\/wp\/v2\/posts\/16980","targetHints":{"allow":["GET"]}}],"collection":[{"href":"https:\/\/ufpr.br\/propg\/wp-json\/wp\/v2\/posts"}],"about":[{"href":"https:\/\/ufpr.br\/propg\/wp-json\/wp\/v2\/types\/post"}],"author":[{"embeddable":true,"href":"https:\/\/ufpr.br\/propg\/wp-json\/wp\/v2\/users\/18"}],"replies":[{"embeddable":true,"href":"https:\/\/ufpr.br\/propg\/wp-json\/wp\/v2\/comments?post=16980"}],"version-history":[{"count":4,"href":"https:\/\/ufpr.br\/propg\/wp-json\/wp\/v2\/posts\/16980\/revisions"}],"predecessor-version":[{"id":19407,"href":"https:\/\/ufpr.br\/propg\/wp-json\/wp\/v2\/posts\/16980\/revisions\/19407"}],"wp:attachment":[{"href":"https:\/\/ufpr.br\/propg\/wp-json\/wp\/v2\/media?parent=16980"}],"wp:term":[{"taxonomy":"category","embeddable":true,"href":"https:\/\/ufpr.br\/propg\/wp-json\/wp\/v2\/categories?post=16980"},{"taxonomy":"post_tag","embeddable":true,"href":"https:\/\/ufpr.br\/propg\/wp-json\/wp\/v2\/tags?post=16980"}],"curies":[{"name":"wp","href":"https:\/\/api.w.org\/{rel}","templated":true}]}}