{"id":16966,"date":"2024-11-05T14:31:31","date_gmt":"2024-11-05T17:31:31","guid":{"rendered":"https:\/\/ufpr.br\/premio-excelencia-academica-da-pos-graduacao-2024-periodo-de-indicacao-pelos-ppg"},"modified":"2025-12-02T10:41:51","modified_gmt":"2025-12-02T13:41:51","slug":"premio-excelencia-academica-da-pos-graduacao-2024-periodo-de-indicacao-pelos-ppg","status":"publish","type":"post","link":"https:\/\/ufpr.br\/propg\/premio-excelencia-academica-da-pos-graduacao-2024-periodo-de-indicacao-pelos-ppg\/","title":{"rendered":"Pr\u00eamio Excel\u00eancia Acad\u00eamica da P\u00f3s-gradua\u00e7\u00e3o 2024 &#8211; per\u00edodo de indica\u00e7\u00e3o pelos PPG"},"content":{"rendered":"\n<div class=\"wp-block-columns is-layout-flex wp-container-core-columns-is-layout-9d6595d7 wp-block-columns-is-layout-flex\">\n<div class=\"wp-block-column is-layout-flow wp-block-column-is-layout-flow\">\n<figure class=\"wp-block-image size-large\"><a href=\"https:\/\/ufpr.br\/propg\/cpgss\/premio-excelencia-academica\/premio-ufpr-2024\/\"><img decoding=\"async\" src=\"https:\/\/ufpr.br\/propg\/wp-content\/uploads\/2024\/11\/pea2024-1024x576.jpg\" alt=\"\" class=\"wp-image-41379\"\/><\/a><\/figure>\n<\/div>\n\n\n\n<div class=\"wp-block-column is-layout-flow wp-block-column-is-layout-flow\">\n<p>Com o objetivo de reconhecer formalmente o m\u00e9rito acad\u00eamico das teses e disserta\u00e7\u00f5es defendidas no \u00e2mbito de seus Programas de P\u00f3s-gradua\u00e7\u00e3o Stricto Sensu, a Universidade Federal do Paran\u00e1 concede o Pr\u00eamio\u202fExcel\u00eancia Acad\u00eamica 2024. Com esta iniciativa, a UFPR permite que as coordena\u00e7\u00f5es e colegiados dos PPGs prestigiem o esfor\u00e7o e a qualidade das atividades de pesquisa de seus docentes e discentes indicando os melhores trabalhos de conclus\u00e3o de curso de mestrado e doutorado defendidos no PPG em determinado per\u00edodo.<\/p>\n\n\n\n<p>Cada programa de p\u00f3s-gradua\u00e7\u00e3o stricto sensu dever\u00e1 indicar uma \u00fanica disserta\u00e7\u00e3o de mestrado e uma \u00fanica tese de doutorado (quando o PPG tiver curso de doutorado) para o per\u00edodo. Os colegiados s\u00e3o aut\u00f4nomos para estabelecer seus pr\u00f3prios crit\u00e9rios, por\u00e9m sugere-se observar os seguintes aspectos norteadores:<\/p>\n\n\n\n<ul class=\"wp-block-list\">\n<li>Contribui\u00e7\u00e3o e impacto do trabalho para a \u00e1rea de conhecimento e sociedade;<\/li>\n<\/ul>\n\n\n\n<ul class=\"wp-block-list\">\n<li>Aspectos de inova\u00e7\u00e3o e desenvolvimento;<\/li>\n<\/ul>\n\n\n\n<ul class=\"wp-block-list\">\n<li>Complexidade do trabalho;<\/li>\n<\/ul>\n\n\n\n<ul class=\"wp-block-list\">\n<li>Publica\u00e7\u00f5es derivadas e;<\/li>\n<\/ul>\n\n\n\n<ul class=\"wp-block-list\">\n<li>Outros crit\u00e9rios que o programa considere pertinentes.<\/li>\n<\/ul>\n\n\n\n<p>Para esta edi\u00e7\u00e3o, devem ser considerados os trabalhos defendidos&nbsp;<strong>de setembro de 2023 a dezembro de 2024<\/strong>.<\/p>\n\n\n\n<p>A coordena\u00e7\u00e3o de cada programa de p\u00f3s-gradua\u00e7\u00e3o dever\u00e1 selecionar os melhores trabalhos e informar a PRPPG atrav\u00e9s do&nbsp;<strong>formul\u00e1rio espec\u00edfico conforme cronograma.<\/strong><\/p>\n\n\n\n<p><span style=\"font-size: 14pt;\"><strong>Acesse<\/strong>: <\/span><a href=\"https:\/\/ufpr.br\/propg\/cpgss\/premio-excelencia-academica\/premio-ufpr-2024\/\">https:\/\/ufpr.br\/propg\/cpgss\/premio-excelencia-academica\/premio-ufpr-2024\/<\/a><\/p>\n<\/div>\n<\/div>\n\n\n\n<p><\/p>\n","protected":false},"excerpt":{"rendered":"<p>Com o objetivo de reconhecer formalmente o m\u00e9rito acad\u00eamico das teses e disserta\u00e7\u00f5es defendidas no \u00e2mbito de seus Programas de P\u00f3s-gradua\u00e7\u00e3o Stricto Sensu, a Universidade Federal do Paran\u00e1 concede o Pr\u00eamio\u202fExcel\u00eancia Acad\u00eamica 2024. Com esta iniciativa, a UFPR permite que as coordena\u00e7\u00f5es e colegiados dos PPGs prestigiem o esfor\u00e7o e a qualidade das atividades de [&hellip;]<\/p>\n","protected":false},"author":18,"featured_media":0,"comment_status":"open","ping_status":"open","sticky":false,"template":"","format":"standard","meta":{"footnotes":""},"categories":[381,386],"tags":[],"class_list":["post-16966","post","type-post","status-publish","format-standard","hentry","category-editais-e-processos-seletivos","category-mestrado-e-doutorado"],"_links":{"self":[{"href":"https:\/\/ufpr.br\/propg\/wp-json\/wp\/v2\/posts\/16966","targetHints":{"allow":["GET"]}}],"collection":[{"href":"https:\/\/ufpr.br\/propg\/wp-json\/wp\/v2\/posts"}],"about":[{"href":"https:\/\/ufpr.br\/propg\/wp-json\/wp\/v2\/types\/post"}],"author":[{"embeddable":true,"href":"https:\/\/ufpr.br\/propg\/wp-json\/wp\/v2\/users\/18"}],"replies":[{"embeddable":true,"href":"https:\/\/ufpr.br\/propg\/wp-json\/wp\/v2\/comments?post=16966"}],"version-history":[{"count":6,"href":"https:\/\/ufpr.br\/propg\/wp-json\/wp\/v2\/posts\/16966\/revisions"}],"predecessor-version":[{"id":19412,"href":"https:\/\/ufpr.br\/propg\/wp-json\/wp\/v2\/posts\/16966\/revisions\/19412"}],"wp:attachment":[{"href":"https:\/\/ufpr.br\/propg\/wp-json\/wp\/v2\/media?parent=16966"}],"wp:term":[{"taxonomy":"category","embeddable":true,"href":"https:\/\/ufpr.br\/propg\/wp-json\/wp\/v2\/categories?post=16966"},{"taxonomy":"post_tag","embeddable":true,"href":"https:\/\/ufpr.br\/propg\/wp-json\/wp\/v2\/tags?post=16966"}],"curies":[{"name":"wp","href":"https:\/\/api.w.org\/{rel}","templated":true}]}}