{"id":16890,"date":"2024-10-01T09:06:44","date_gmt":"2024-10-01T12:06:44","guid":{"rendered":"https:\/\/ufpr.br\/processo-seletivo-ppg-letras-selecao-de-bolsista-do-programa-institucional-de-pos-doutorado-pipd-capes"},"modified":"2025-12-02T10:40:12","modified_gmt":"2025-12-02T13:40:12","slug":"processo-seletivo-ppg-letras-selecao-de-bolsista-do-programa-institucional-de-pos-doutorado-pipd-capes","status":"publish","type":"post","link":"https:\/\/ufpr.br\/propg\/processo-seletivo-ppg-letras-selecao-de-bolsista-do-programa-institucional-de-pos-doutorado-pipd-capes\/","title":{"rendered":"[Processo seletivo] PPG Letras: Sele\u00e7\u00e3o de Bolsista do Programa Institucional de P\u00f3s-doutorado (PIPD-Capes)"},"content":{"rendered":"\n<p>Inscri\u00e7\u00f5es ao edital de sele\u00e7\u00e3o do programa institucional de p\u00f3s-doutorado (PIPD-Capes) do PPG Letras de 30 de setembro a 06 de outubro.<\/p>\n\n\n\n<p>Para mais informa\u00e7\u00f5es acesse: <a href=\"https:\/\/www.prppg.ufpr.br\/site\/ppgletras\/pb\/2024\/09\/30\/edital-de-bolsa-de-pos-doutorado-capes-pipd\/\" target=\"_blank\" rel=\"noreferrer noopener\">https:\/\/www.prppg.ufpr.br\/site\/ppgletras\/pb\/2024\/09\/30\/edital-de-bolsa-de-pos-doutorado-capes-pipd\/<\/a><\/p>\n","protected":false},"excerpt":{"rendered":"<p>Inscri\u00e7\u00f5es ao edital de sele\u00e7\u00e3o do programa institucional de p\u00f3s-doutorado (PIPD-Capes) do PPG Letras de 30 de setembro a 06 de outubro. Para mais informa\u00e7\u00f5es acesse: https:\/\/www.prppg.ufpr.br\/site\/ppgletras\/pb\/2024\/09\/30\/edital-de-bolsa-de-pos-doutorado-capes-pipd\/<\/p>\n","protected":false},"author":18,"featured_media":0,"comment_status":"open","ping_status":"open","sticky":false,"template":"","format":"standard","meta":{"footnotes":""},"categories":[381,386],"tags":[],"class_list":["post-16890","post","type-post","status-publish","format-standard","hentry","category-editais-e-processos-seletivos","category-mestrado-e-doutorado"],"_links":{"self":[{"href":"https:\/\/ufpr.br\/propg\/wp-json\/wp\/v2\/posts\/16890","targetHints":{"allow":["GET"]}}],"collection":[{"href":"https:\/\/ufpr.br\/propg\/wp-json\/wp\/v2\/posts"}],"about":[{"href":"https:\/\/ufpr.br\/propg\/wp-json\/wp\/v2\/types\/post"}],"author":[{"embeddable":true,"href":"https:\/\/ufpr.br\/propg\/wp-json\/wp\/v2\/users\/18"}],"replies":[{"embeddable":true,"href":"https:\/\/ufpr.br\/propg\/wp-json\/wp\/v2\/comments?post=16890"}],"version-history":[{"count":3,"href":"https:\/\/ufpr.br\/propg\/wp-json\/wp\/v2\/posts\/16890\/revisions"}],"predecessor-version":[{"id":19401,"href":"https:\/\/ufpr.br\/propg\/wp-json\/wp\/v2\/posts\/16890\/revisions\/19401"}],"wp:attachment":[{"href":"https:\/\/ufpr.br\/propg\/wp-json\/wp\/v2\/media?parent=16890"}],"wp:term":[{"taxonomy":"category","embeddable":true,"href":"https:\/\/ufpr.br\/propg\/wp-json\/wp\/v2\/categories?post=16890"},{"taxonomy":"post_tag","embeddable":true,"href":"https:\/\/ufpr.br\/propg\/wp-json\/wp\/v2\/tags?post=16890"}],"curies":[{"name":"wp","href":"https:\/\/api.w.org\/{rel}","templated":true}]}}