{"id":16887,"date":"2024-09-24T16:44:34","date_gmt":"2024-09-24T19:44:34","guid":{"rendered":"https:\/\/ufpr.br\/processo-seletivo-mestrado-e-doutorado-no-programa-de-pos-graduacao-em-ciencias-bioquimica"},"modified":"2025-12-02T10:36:23","modified_gmt":"2025-12-02T13:36:23","slug":"processo-seletivo-mestrado-e-doutorado-no-programa-de-pos-graduacao-em-ciencias-bioquimica","status":"publish","type":"post","link":"https:\/\/ufpr.br\/propg\/processo-seletivo-mestrado-e-doutorado-no-programa-de-pos-graduacao-em-ciencias-bioquimica\/","title":{"rendered":"[Processo seletivo] Mestrado e Doutorado no Programa de P\u00f3s-gradua\u00e7\u00e3o em Ci\u00eancias-Bioqu\u00edmica"},"content":{"rendered":"\n<p>Est\u00e3o abertas as inscri\u00e7\u00f5es para Mestrado e Doutorado no Programa de P\u00f3s-gradua\u00e7\u00e3o em Ci\u00eancias-Bioqu\u00edmica.<\/p>\n\n\n\n<ul class=\"wp-block-list\">\n<li>Edital Mestrado 2024 \u2013 3 (Inscri\u00e7\u00f5es 12\/09\/2024 a 17\/11\/2024):\u00a0<a data-saferedirecturl=\"https:\/\/www.google.com\/url?q=https:\/\/www.prppg.ufpr.br\/site\/ppgbioquimica\/pb\/processo-seletivo\/processos-seletivos-para-mestrado\/&amp;source=gmail&amp;ust=1727293121307000&amp;usg=AOvVaw1Zcv7f0xcgdjdUuFvMdwQI\" href=\"https:\/\/www.prppg.ufpr.br\/site\/ppgbioquimica\/pb\/processo-seletivo\/processos-seletivos-para-mestrado\/\" id=\"m_-1482025423529606887LPlnk826926\" target=\"_blank\" rel=\"noopener\">https:\/\/www.prppg.ufpr.br\/site\/ppgbioquimica\/pb\/processo-seletivo\/processos-seletivos-para-mestrado\/<\/a><\/li>\n<\/ul>\n\n\n\n<ul class=\"wp-block-list\">\n<li>EDITAL DOUTORADO 2024-3 (Inscri\u00e7\u00f5es 12\/09\/2024 a 17\/11\/2024):\u00a0<a data-saferedirecturl=\"https:\/\/www.google.com\/url?q=https:\/\/www.prppg.ufpr.br\/site\/ppgbioquimica\/pb\/processo-seletivo\/processos-seletivos-para-doutorado\/&amp;source=gmail&amp;ust=1727293121307000&amp;usg=AOvVaw14hxW3qtuPU9pe5-PRDeyq\" href=\"https:\/\/www.prppg.ufpr.br\/site\/ppgbioquimica\/pb\/processo-seletivo\/processos-seletivos-para-doutorado\/\" id=\"m_-1482025423529606887LPlnk409174\" target=\"_blank\" rel=\"noopener\">https:\/\/www.prppg.ufpr.br\/site\/ppgbioquimica\/pb\/processo-seletivo\/processos-seletivos-para-doutorado\/<\/a><\/li>\n<\/ul>\n\n\n\n<p>Para os dois Editais,\u00a0<strong>as matr\u00edculas ser\u00e3o em 06\/12\/2024.<\/strong><\/p>\n\n\n\n<p>Para mais informa\u00e7\u00f5es acesse os editais em:\u00a0<a href=\"https:\/\/www.prppg.ufpr.br\/site\/ppgbioquimica\/processo-seletivo\/\">https:\/\/www.prppg.ufpr.br\/site\/ppgbioquimica\/processo-seletivo\/<\/a><\/p>\n\n\n\n<p>&nbsp;<\/p>\n\n\n\n<p><\/p>\n","protected":false},"excerpt":{"rendered":"<p>Est\u00e3o abertas as inscri\u00e7\u00f5es para Mestrado e Doutorado no Programa de P\u00f3s-gradua\u00e7\u00e3o em Ci\u00eancias-Bioqu\u00edmica. Para os dois Editais,\u00a0as matr\u00edculas ser\u00e3o em 06\/12\/2024. Para mais informa\u00e7\u00f5es acesse os editais em:\u00a0https:\/\/www.prppg.ufpr.br\/site\/ppgbioquimica\/processo-seletivo\/ &nbsp;<\/p>\n","protected":false},"author":18,"featured_media":0,"comment_status":"open","ping_status":"open","sticky":false,"template":"","format":"standard","meta":{"footnotes":""},"categories":[381,386],"tags":[],"class_list":["post-16887","post","type-post","status-publish","format-standard","hentry","category-editais-e-processos-seletivos","category-mestrado-e-doutorado"],"_links":{"self":[{"href":"https:\/\/ufpr.br\/propg\/wp-json\/wp\/v2\/posts\/16887","targetHints":{"allow":["GET"]}}],"collection":[{"href":"https:\/\/ufpr.br\/propg\/wp-json\/wp\/v2\/posts"}],"about":[{"href":"https:\/\/ufpr.br\/propg\/wp-json\/wp\/v2\/types\/post"}],"author":[{"embeddable":true,"href":"https:\/\/ufpr.br\/propg\/wp-json\/wp\/v2\/users\/18"}],"replies":[{"embeddable":true,"href":"https:\/\/ufpr.br\/propg\/wp-json\/wp\/v2\/comments?post=16887"}],"version-history":[{"count":5,"href":"https:\/\/ufpr.br\/propg\/wp-json\/wp\/v2\/posts\/16887\/revisions"}],"predecessor-version":[{"id":19359,"href":"https:\/\/ufpr.br\/propg\/wp-json\/wp\/v2\/posts\/16887\/revisions\/19359"}],"wp:attachment":[{"href":"https:\/\/ufpr.br\/propg\/wp-json\/wp\/v2\/media?parent=16887"}],"wp:term":[{"taxonomy":"category","embeddable":true,"href":"https:\/\/ufpr.br\/propg\/wp-json\/wp\/v2\/categories?post=16887"},{"taxonomy":"post_tag","embeddable":true,"href":"https:\/\/ufpr.br\/propg\/wp-json\/wp\/v2\/tags?post=16887"}],"curies":[{"name":"wp","href":"https:\/\/api.w.org\/{rel}","templated":true}]}}