{"id":16886,"date":"2024-09-24T10:35:23","date_gmt":"2024-09-24T13:35:23","guid":{"rendered":"https:\/\/ufpr.br\/processo-seletivo-mestrado-em-turismo-ppgtur-ufpr"},"modified":"2025-12-02T10:36:32","modified_gmt":"2025-12-02T13:36:32","slug":"processo-seletivo-mestrado-em-turismo-ppgtur-ufpr","status":"publish","type":"post","link":"https:\/\/ufpr.br\/propg\/processo-seletivo-mestrado-em-turismo-ppgtur-ufpr\/","title":{"rendered":"[Processo Seletivo] Mestrado em Turismo (PPGTUR\/UFPR)"},"content":{"rendered":"\n<p>A Coordena\u00e7\u00e3o do Programa de P\u00f3s-Gradua\u00e7\u00e3o em Turismo da Universidade Federal do Paran\u00e1 (PPGTUR\/UFPR) anuncia a abertura do Processo Seletivo para a Turma 2025 do curso de Mestrado Acad\u00eamico em Turismo.<\/p>\n\n\n\n<p>As inscri\u00e7\u00f5es estar\u00e3o abertas no per\u00edodo de 18 de setembro a 1\u00ba de novembro de 2024.<\/p>\n\n\n\n<p>Para mais informa\u00e7\u00f5es sobre o processo seletivo, cronograma, documenta\u00e7\u00e3o necess\u00e1ria e requisitos de candidatura, acesse a p\u00e1gina do programa:<\/p>\n\n\n\n<p><a href=\"https:\/\/www.prppg.ufpr.br\/site\/ppgturismo\/pb\/processo-seletivo\" target=\"_blank\" rel=\"noreferrer noopener\">https:\/\/www.prppg.ufpr.br\/site\/ppgturismo\/pb\/processo-seletivo<\/a><\/p>\n","protected":false},"excerpt":{"rendered":"<p>A Coordena\u00e7\u00e3o do Programa de P\u00f3s-Gradua\u00e7\u00e3o em Turismo da Universidade Federal do Paran\u00e1 (PPGTUR\/UFPR) anuncia a abertura do Processo Seletivo para a Turma 2025 do curso de Mestrado Acad\u00eamico em Turismo. As inscri\u00e7\u00f5es estar\u00e3o abertas no per\u00edodo de 18 de setembro a 1\u00ba de novembro de 2024. Para mais informa\u00e7\u00f5es sobre o processo seletivo, cronograma, [&hellip;]<\/p>\n","protected":false},"author":16,"featured_media":0,"comment_status":"open","ping_status":"open","sticky":false,"template":"","format":"standard","meta":{"footnotes":""},"categories":[381,386],"tags":[],"class_list":["post-16886","post","type-post","status-publish","format-standard","hentry","category-editais-e-processos-seletivos","category-mestrado-e-doutorado"],"_links":{"self":[{"href":"https:\/\/ufpr.br\/propg\/wp-json\/wp\/v2\/posts\/16886","targetHints":{"allow":["GET"]}}],"collection":[{"href":"https:\/\/ufpr.br\/propg\/wp-json\/wp\/v2\/posts"}],"about":[{"href":"https:\/\/ufpr.br\/propg\/wp-json\/wp\/v2\/types\/post"}],"author":[{"embeddable":true,"href":"https:\/\/ufpr.br\/propg\/wp-json\/wp\/v2\/users\/16"}],"replies":[{"embeddable":true,"href":"https:\/\/ufpr.br\/propg\/wp-json\/wp\/v2\/comments?post=16886"}],"version-history":[{"count":4,"href":"https:\/\/ufpr.br\/propg\/wp-json\/wp\/v2\/posts\/16886\/revisions"}],"predecessor-version":[{"id":19360,"href":"https:\/\/ufpr.br\/propg\/wp-json\/wp\/v2\/posts\/16886\/revisions\/19360"}],"wp:attachment":[{"href":"https:\/\/ufpr.br\/propg\/wp-json\/wp\/v2\/media?parent=16886"}],"wp:term":[{"taxonomy":"category","embeddable":true,"href":"https:\/\/ufpr.br\/propg\/wp-json\/wp\/v2\/categories?post=16886"},{"taxonomy":"post_tag","embeddable":true,"href":"https:\/\/ufpr.br\/propg\/wp-json\/wp\/v2\/tags?post=16886"}],"curies":[{"name":"wp","href":"https:\/\/api.w.org\/{rel}","templated":true}]}}