{"id":16884,"date":"2024-09-09T09:22:04","date_gmt":"2024-09-09T12:22:04","guid":{"rendered":"https:\/\/ufpr.br\/processo-seletivo-mestrado-e-doutorado-em-gestao-da-informacao-turmas-2025"},"modified":"2025-12-02T10:37:05","modified_gmt":"2025-12-02T13:37:05","slug":"processo-seletivo-mestrado-e-doutorado-em-gestao-da-informacao-turmas-2025","status":"publish","type":"post","link":"https:\/\/ufpr.br\/propg\/processo-seletivo-mestrado-e-doutorado-em-gestao-da-informacao-turmas-2025\/","title":{"rendered":"[Processo seletivo] Mestrado e Doutorado em Gest\u00e3o da informa\u00e7\u00e3o &#8211; Turmas 2025"},"content":{"rendered":"\n<div class=\"wp-block-columns is-layout-flex wp-container-core-columns-is-layout-9d6595d7 wp-block-columns-is-layout-flex\">\n<div class=\"wp-block-column is-layout-flow wp-block-column-is-layout-flow\" style=\"flex-basis:50%\">\n<figure class=\"wp-block-image size-full\"><img decoding=\"async\" src=\"https:\/\/ufpr.br\/propg\/wp-content\/uploads\/2024\/09\/processo-seletivo-2025-1445-x-723-px-1-1024x512-1.png\" alt=\"\" class=\"wp-image-40882\"\/><\/figure>\n<\/div>\n\n\n\n<div class=\"wp-block-column is-layout-flow wp-block-column-is-layout-flow\" style=\"flex-basis:50%\">\n<p><strong>PGGI lan\u00e7a editais de Mestrado e Doutorado para turmas 2025<\/strong><\/p>\n\n\n\n<p>A Coordena\u00e7\u00e3o do&nbsp;<strong>Programa de P\u00f3s-Gradua\u00e7\u00e3o em Gest\u00e3o da Informa\u00e7\u00e3o (PPGGI\/UFPR) da&nbsp;Universidade Federal do Paran\u00e1 (UFPR)&nbsp;<\/strong>&nbsp;lan\u00e7ou nesta segunda-feira (12), o&nbsp;<strong>edital 29\/2024&nbsp;<\/strong>referente ao Processo Seletivo 2025 \u2013 para o curso de Mestrado. S\u00e3o ofertadas 35 vagas no Mestrado dentro das linhas de pesquisa do Programa.<\/p>\n\n\n\n<p>As inscri\u00e7\u00f5es est\u00e3o abertas e v\u00e3o at\u00e9 o&nbsp;<strong>dia 11 de outubro&nbsp;<\/strong>\u2013 devem ser realizadas atrav\u00e9s do Sistema de Gest\u00e3o Acad\u00eamica da P\u00f3s-Gradua\u00e7\u00e3o (SIGA), conforme o link indicado no edital.<\/p>\n\n\n\n<p>Al\u00e9m do&nbsp;<strong><a href=\"https:\/\/www.prppg.ufpr.br\/site\/ppggi\/pb\/2019\/08\/22\/teste-de-conhecimento\/\" target=\"_blank\" rel=\"noreferrer noopener\">Teste de Conhecimento em Gest\u00e3o da Informa\u00e7\u00e3o&nbsp;<\/a><\/strong>realizado pelo pr\u00f3prio PPGGI, que recebe inscri\u00e7\u00f5es at\u00e9 o dia 15 de setembro as candidaturas podem, alternativamente, optar pelos exames da Associa\u00e7\u00e3o Nacional de P\u00f3s-Gradua\u00e7\u00e3o e Pesquisa em Administra\u00e7\u00e3o (<a href=\"https:\/\/testeanpad.org.br\/\" target=\"_blank\" rel=\"noreferrer noopener\">ANPAD<\/a>) ou da Sociedade Brasileira de Computa\u00e7\u00e3o \u2013 (<a href=\"https:\/\/www.sbc.org.br\/index.php?option=com_content&amp;view=article&amp;layout=edit&amp;id=458\" target=\"_blank\" rel=\"noreferrer noopener\">SBC<\/a>), que t\u00eam calend\u00e1rio pr\u00f3prio.<\/p>\n\n\n\n<p>As etapas que comp\u00f5em o Processo Seletivo, segundo o Art.10 do edital, consistem em 1) Homologa\u00e7\u00e3o da inscri\u00e7\u00e3o; classifica\u00e7\u00e3o em rela\u00e7\u00e3o ao Teste de Conhecimento em Gest\u00e3o da Informa\u00e7\u00e3o do PPGGI, teste ANPAD ou teste POSCOMP; e an\u00e1lise de curr\u00edculo e documenta\u00e7\u00e3o comprobat\u00f3ria; 2) aceite de orienta\u00e7\u00e3o e an\u00e1lise do projeto de pesquisa; 3) defesa do curr\u00edculo e do projeto de pesquisa.<\/p>\n\n\n\n<p>As inscri\u00e7\u00f5es para o Doutorado, que ocorrem em fluxo cont\u00ednuo, conforme portaria espec\u00edfica e j\u00e1 est\u00e1 com suas inscri\u00e7\u00f5es abertas. O n\u00famero de vagas a serem ofertadas para o Doutorado, no escopo da \u00e1rea de concentra\u00e7\u00e3o do PPGGI, distribu\u00eddas para orienta\u00e7\u00e3o entre o corpo docente do Programa, constar\u00e1 em&nbsp;<a href=\"https:\/\/www.prppg.ufpr.br\/site\/ppggi\/pb\/processo-seletivo\/\" target=\"_blank\" rel=\"noreferrer noopener\">EDITAL de vagas<\/a>&nbsp;publicado semestralmente.<\/p>\n\n\n\n<p>Avaliado pela&nbsp;<strong>CAPES com nota 4<\/strong>, o&nbsp;PPGGI&nbsp;da UFPR&nbsp;tem como objetivo capacitar recursos humanos de interessados no fen\u00f4meno informa\u00e7\u00e3o\/conhecimento, em especial de professores-pesquisadores que estejam aptos a apoiar projetos e iniciativas em distintos segmentos educacionais, governamentais, de neg\u00f3cios, de servi\u00e7os ou mesmo industriais, sustentados por reflex\u00f5es te\u00f3ricas e em proposi\u00e7\u00f5es pr\u00e1ticas relativas \u00e0s problem\u00e1ticas relacionadas aos objetos informa\u00e7\u00e3o e conhecimento.<\/p>\n\n\n\n<p>O Programa est\u00e1 vinculado \u00e0 \u00e1rea&nbsp;<strong>Interdisciplinar<\/strong>&nbsp;da CAPES, com bases te\u00f3rico-metodol\u00f3gicas advindas especialmente das \u00e1reas de Ci\u00eancia da Informa\u00e7\u00e3o, Administra\u00e7\u00e3o e Tecnologia da Informa\u00e7\u00e3o. Em seu&nbsp;processo&nbsp;seletivo&nbsp;<strong>podem se inscrever pessoas com forma\u00e7\u00e3o de n\u00edvel superior em qualquer \u00e1rea de conhecimento nas&nbsp;<\/strong>tr\u00eas linhas de pesquisa:&nbsp;<strong>Informa\u00e7\u00e3o e Gest\u00e3o Organizacional&nbsp;<\/strong>(Linha 1),&nbsp;<strong>Informa\u00e7\u00e3o e Tecnologia<\/strong>&nbsp;(Linha 2) e&nbsp;<strong>Informa\u00e7\u00e3o e Sociedade&nbsp;<\/strong>(Linha 3).<\/p>\n\n\n\n<p><strong>Acesse para os editais de mestrado e doutorado<\/strong>\u00a0<a href=\"https:\/\/www.prppg.ufpr.br\/site\/ppggi\/pb\/processo-seletivo\/\" target=\"_blank\" rel=\"noreferrer noopener\">https:\/\/www.prppg.ufpr.br\/site\/ppggi\/pb\/processo-seletivo\/<\/a><\/p>\n\n\n\n<p><strong>Acesse para o teste de conhecimento<\/strong>\u00a0<a href=\"https:\/\/www.prppg.ufpr.br\/site\/ppggi\/pb\/2019\/08\/22\/teste-de-conhecimento\/\" target=\"_blank\" rel=\"noreferrer noopener\">https:\/\/www.prppg.ufpr.br\/site\/ppggi\/pb\/2019\/08\/22\/teste-de-conhecimento\/<\/a><\/p>\n<\/div>\n<\/div>\n","protected":false},"excerpt":{"rendered":"<p>PGGI lan\u00e7a editais de Mestrado e Doutorado para turmas 2025 A Coordena\u00e7\u00e3o do&nbsp;Programa de P\u00f3s-Gradua\u00e7\u00e3o em Gest\u00e3o da Informa\u00e7\u00e3o (PPGGI\/UFPR) da&nbsp;Universidade Federal do Paran\u00e1 (UFPR)&nbsp;&nbsp;lan\u00e7ou nesta segunda-feira (12), o&nbsp;edital 29\/2024&nbsp;referente ao Processo Seletivo 2025 \u2013 para o curso de Mestrado. S\u00e3o ofertadas 35 vagas no Mestrado dentro das linhas de pesquisa do Programa. As inscri\u00e7\u00f5es [&hellip;]<\/p>\n","protected":false},"author":18,"featured_media":0,"comment_status":"open","ping_status":"open","sticky":false,"template":"","format":"standard","meta":{"footnotes":""},"categories":[381,386],"tags":[],"class_list":["post-16884","post","type-post","status-publish","format-standard","hentry","category-editais-e-processos-seletivos","category-mestrado-e-doutorado"],"_links":{"self":[{"href":"https:\/\/ufpr.br\/propg\/wp-json\/wp\/v2\/posts\/16884","targetHints":{"allow":["GET"]}}],"collection":[{"href":"https:\/\/ufpr.br\/propg\/wp-json\/wp\/v2\/posts"}],"about":[{"href":"https:\/\/ufpr.br\/propg\/wp-json\/wp\/v2\/types\/post"}],"author":[{"embeddable":true,"href":"https:\/\/ufpr.br\/propg\/wp-json\/wp\/v2\/users\/18"}],"replies":[{"embeddable":true,"href":"https:\/\/ufpr.br\/propg\/wp-json\/wp\/v2\/comments?post=16884"}],"version-history":[{"count":6,"href":"https:\/\/ufpr.br\/propg\/wp-json\/wp\/v2\/posts\/16884\/revisions"}],"predecessor-version":[{"id":19365,"href":"https:\/\/ufpr.br\/propg\/wp-json\/wp\/v2\/posts\/16884\/revisions\/19365"}],"wp:attachment":[{"href":"https:\/\/ufpr.br\/propg\/wp-json\/wp\/v2\/media?parent=16884"}],"wp:term":[{"taxonomy":"category","embeddable":true,"href":"https:\/\/ufpr.br\/propg\/wp-json\/wp\/v2\/categories?post=16884"},{"taxonomy":"post_tag","embeddable":true,"href":"https:\/\/ufpr.br\/propg\/wp-json\/wp\/v2\/tags?post=16884"}],"curies":[{"name":"wp","href":"https:\/\/api.w.org\/{rel}","templated":true}]}}