{"id":16755,"date":"2024-05-06T09:17:07","date_gmt":"2024-05-06T12:17:07","guid":{"rendered":"https:\/\/ufpr.br\/ppg-historia-i-encontro-regional-de-historia-da-antiguidade-tardia-inscricoes-abertas"},"modified":"2025-12-02T10:15:57","modified_gmt":"2025-12-02T13:15:57","slug":"ppg-historia-i-encontro-regional-de-historia-da-antiguidade-tardia-inscricoes-abertas","status":"publish","type":"post","link":"https:\/\/ufpr.br\/propg\/ppg-historia-i-encontro-regional-de-historia-da-antiguidade-tardia-inscricoes-abertas\/","title":{"rendered":"[PPG Hist\u00f3ria] I Encontro Regional de Hist\u00f3ria da Antiguidade Tardia: inscri\u00e7\u00f5es abertas"},"content":{"rendered":"\n<p>O Programa de P\u00f3s-Gradua\u00e7\u00e3o em Hist\u00f3ria (PPGHIS), juntamente com o Prof. Renan Frighetto, membro docente do programa, tem o prazer de divulgar e convidar a todos para o &#8220;I Encontro Regional de Hist\u00f3ria da Antiguidade Tardia \u2013 A Antiguidade Tardia em movimento: novas abordagens e defini\u00e7\u00f5es&#8221;, que ocorrer\u00e1 nos dias 14, 15 e 16 de maio de 2024.<\/p>\n\n\n\n<p>Para se inscrever, envie seu nome e o nome da universidade na qual est\u00e1 matriculado para o e-mail <a href=\"mailto:nemed2002@gmail.com\" target=\"_blank\" rel=\"noreferrer noopener\">nemed2002@gmail.com<\/a>. Os certificados ser\u00e3o enviados por e-mail aos participantes que tenham frequentado, no m\u00ednimo, 5 horas das atividades programadas, de um total de 10 horas.<\/p>\n\n\n\n<p>Acesse a <a href=\"https:\/\/ufpr.br\/propg\/wp-content\/uploads\/2025\/10\/i-encontro-regional-de-historia-da-antiguidade-tardia-programacao.pdf\" target=\"_blank\" rel=\"noreferrer noopener\">Programa\u00e7\u00e3o do I Encontro Regional de Hist\u00f3ria da Antiguidade Tardia:<\/a><\/p>\n\n\n\n<p>(clique na imagem para ampli\u00e1-la)<\/p>\n\n\n\n<div class=\"wp-block-columns is-layout-flex wp-container-core-columns-is-layout-9d6595d7 wp-block-columns-is-layout-flex\">\n<div class=\"wp-block-column is-layout-flow wp-block-column-is-layout-flow\">\n<figure class=\"wp-block-image size-large\"><a href=\"https:\/\/ufpr.br\/propg\/wp-content\/uploads\/2024\/05\/i-encontro-regional-de-historia-da-antiguidade-tardia-programacao-rascunho_page-0001.jpg\" target=\"_blank\" rel=\" noreferrer noopener\"><img decoding=\"async\" src=\"https:\/\/ufpr.br\/propg\/wp-content\/uploads\/2024\/05\/i-encontro-regional-de-historia-da-antiguidade-tardia-programacao-rascunho_page-0001-1024x724.jpg\" alt=\"\" class=\"wp-image-39067\"\/><\/a><\/figure>\n<\/div>\n\n\n\n<div class=\"wp-block-column is-layout-flow wp-block-column-is-layout-flow\">\n<figure class=\"wp-block-image size-large\"><a href=\"https:\/\/ufpr.br\/propg\/wp-content\/uploads\/2024\/05\/i-encontro-regional-de-historia-da-antiguidade-tardia-programacao-rascunho_page-0002-1536x1086-1.jpg\" target=\"_blank\" rel=\" noreferrer noopener\"><img decoding=\"async\" src=\"https:\/\/ufpr.br\/propg\/wp-content\/uploads\/2024\/05\/i-encontro-regional-de-historia-da-antiguidade-tardia-programacao-rascunho_page-0002-1536x1086-1-1024x724.jpg\" alt=\"\" class=\"wp-image-39068\"\/><\/a><\/figure>\n<\/div>\n<\/div>\n\n\n\n<p>Para mais informa\u00e7\u00f5es, consulte o <a href=\"https:\/\/www.prppg.ufpr.br\/site\/ppghis\/pb\/2024\/04\/24\/o-programa-de-posgraduacao-em-historia-da-universidade-federal-do-parana-divulga-o-i-encontro-regional-de-historia-da-antiguidade-tardia-a-antiguidade-tardia-em-movimento-novas-abordagens-e-d\/\" target=\"_blank\" rel=\"noreferrer noopener\">site do PPGHIS<\/a>.<\/p>\n\n\n\n<p><\/p>\n","protected":false},"excerpt":{"rendered":"<p>O Programa de P\u00f3s-Gradua\u00e7\u00e3o em Hist\u00f3ria (PPGHIS), juntamente com o Prof. Renan Frighetto, membro docente do programa, tem o prazer de divulgar e convidar a todos para o &#8220;I Encontro Regional de Hist\u00f3ria da Antiguidade Tardia \u2013 A Antiguidade Tardia em movimento: novas abordagens e defini\u00e7\u00f5es&#8221;, que ocorrer\u00e1 nos dias 14, 15 e 16 de [&hellip;]<\/p>\n","protected":false},"author":16,"featured_media":0,"comment_status":"open","ping_status":"open","sticky":false,"template":"","format":"standard","meta":{"footnotes":""},"categories":[386],"tags":[],"class_list":["post-16755","post","type-post","status-publish","format-standard","hentry","category-mestrado-e-doutorado"],"_links":{"self":[{"href":"https:\/\/ufpr.br\/propg\/wp-json\/wp\/v2\/posts\/16755","targetHints":{"allow":["GET"]}}],"collection":[{"href":"https:\/\/ufpr.br\/propg\/wp-json\/wp\/v2\/posts"}],"about":[{"href":"https:\/\/ufpr.br\/propg\/wp-json\/wp\/v2\/types\/post"}],"author":[{"embeddable":true,"href":"https:\/\/ufpr.br\/propg\/wp-json\/wp\/v2\/users\/16"}],"replies":[{"embeddable":true,"href":"https:\/\/ufpr.br\/propg\/wp-json\/wp\/v2\/comments?post=16755"}],"version-history":[{"count":6,"href":"https:\/\/ufpr.br\/propg\/wp-json\/wp\/v2\/posts\/16755\/revisions"}],"predecessor-version":[{"id":19327,"href":"https:\/\/ufpr.br\/propg\/wp-json\/wp\/v2\/posts\/16755\/revisions\/19327"}],"wp:attachment":[{"href":"https:\/\/ufpr.br\/propg\/wp-json\/wp\/v2\/media?parent=16755"}],"wp:term":[{"taxonomy":"category","embeddable":true,"href":"https:\/\/ufpr.br\/propg\/wp-json\/wp\/v2\/categories?post=16755"},{"taxonomy":"post_tag","embeddable":true,"href":"https:\/\/ufpr.br\/propg\/wp-json\/wp\/v2\/tags?post=16755"}],"curies":[{"name":"wp","href":"https:\/\/api.w.org\/{rel}","templated":true}]}}