{"id":16704,"date":"2024-04-04T09:37:28","date_gmt":"2024-04-04T12:37:28","guid":{"rendered":"https:\/\/ufpr.br\/convite-aula-inaugural-do-programa-de-pos-graduacao-em-historia-da-ufpr"},"modified":"2025-12-02T10:13:02","modified_gmt":"2025-12-02T13:13:02","slug":"convite-aula-inaugural-do-programa-de-pos-graduacao-em-historia-da-ufpr","status":"publish","type":"post","link":"https:\/\/ufpr.br\/propg\/convite-aula-inaugural-do-programa-de-pos-graduacao-em-historia-da-ufpr\/","title":{"rendered":"[Convite] Aula Inaugural do Programa de P\u00f3s-Gradua\u00e7\u00e3o em Hist\u00f3ria da UFPR!"},"content":{"rendered":"\n<div class=\"wp-block-columns is-layout-flex wp-container-core-columns-is-layout-9d6595d7 wp-block-columns-is-layout-flex\">\n<div class=\"wp-block-column is-layout-flow wp-block-column-is-layout-flow\" style=\"flex-basis:66.66%\">\n<figure class=\"wp-block-image size-large\"><img decoding=\"async\" src=\"https:\/\/ufpr.br\/propg\/wp-content\/uploads\/2024\/04\/copia-de-cada-macaco-no-seu-galho-1200-x-440-px-1-1024x375.png\" alt=\"\" class=\"wp-image-38851\"\/><\/figure>\n<\/div>\n\n\n\n<div class=\"wp-block-column is-layout-flow wp-block-column-is-layout-flow\" style=\"flex-basis:33.33%\">\n<p>Aula Inaugural do Programa de P\u00f3s-Gradua\u00e7\u00e3o em Hist\u00f3ria da UFPR!<\/p>\n\n\n\n<p>?\ufe0f Data: 17 de abril de 2024 ? Hor\u00e1rio: 09h30<\/p>\n\n\n\n<p>O Programa de P\u00f3s-Gradua\u00e7\u00e3o em Hist\u00f3ria da UFPR convida para sua Aula Inaugural, que ocorrer\u00e1 em 17 de abril de 2024, \u00e0s 09h30.<\/p>\n\n\n\n<p>Nesta ocasi\u00e3o, contaremos com a presen\u00e7a da Professora Doutora <strong>Wlamyra Ribeiro de Albuquerque<\/strong>, da UFBA, que falar\u00e1 sobre a quest\u00e3o social na historiografia brasileira.<\/p>\n\n\n\n<p>Para mais informa\u00e7\u00f5es, consulte o <a href=\"https:\/\/www.prppg.ufpr.br\/site\/ppghis\/pb\" target=\"_blank\" rel=\"noreferrer noopener\">site do PPG<\/a>.<\/p>\n<\/div>\n<\/div>\n\n\n\n<p><\/p>\n","protected":false},"excerpt":{"rendered":"<p>Aula Inaugural do Programa de P\u00f3s-Gradua\u00e7\u00e3o em Hist\u00f3ria da UFPR! ?\ufe0f Data: 17 de abril de 2024 ? Hor\u00e1rio: 09h30 O Programa de P\u00f3s-Gradua\u00e7\u00e3o em Hist\u00f3ria da UFPR convida para sua Aula Inaugural, que ocorrer\u00e1 em 17 de abril de 2024, \u00e0s 09h30. Nesta ocasi\u00e3o, contaremos com a presen\u00e7a da Professora Doutora Wlamyra Ribeiro de [&hellip;]<\/p>\n","protected":false},"author":16,"featured_media":0,"comment_status":"open","ping_status":"open","sticky":false,"template":"","format":"standard","meta":{"footnotes":""},"categories":[386],"tags":[],"class_list":["post-16704","post","type-post","status-publish","format-standard","hentry","category-mestrado-e-doutorado"],"_links":{"self":[{"href":"https:\/\/ufpr.br\/propg\/wp-json\/wp\/v2\/posts\/16704","targetHints":{"allow":["GET"]}}],"collection":[{"href":"https:\/\/ufpr.br\/propg\/wp-json\/wp\/v2\/posts"}],"about":[{"href":"https:\/\/ufpr.br\/propg\/wp-json\/wp\/v2\/types\/post"}],"author":[{"embeddable":true,"href":"https:\/\/ufpr.br\/propg\/wp-json\/wp\/v2\/users\/16"}],"replies":[{"embeddable":true,"href":"https:\/\/ufpr.br\/propg\/wp-json\/wp\/v2\/comments?post=16704"}],"version-history":[{"count":5,"href":"https:\/\/ufpr.br\/propg\/wp-json\/wp\/v2\/posts\/16704\/revisions"}],"predecessor-version":[{"id":19307,"href":"https:\/\/ufpr.br\/propg\/wp-json\/wp\/v2\/posts\/16704\/revisions\/19307"}],"wp:attachment":[{"href":"https:\/\/ufpr.br\/propg\/wp-json\/wp\/v2\/media?parent=16704"}],"wp:term":[{"taxonomy":"category","embeddable":true,"href":"https:\/\/ufpr.br\/propg\/wp-json\/wp\/v2\/categories?post=16704"},{"taxonomy":"post_tag","embeddable":true,"href":"https:\/\/ufpr.br\/propg\/wp-json\/wp\/v2\/tags?post=16704"}],"curies":[{"name":"wp","href":"https:\/\/api.w.org\/{rel}","templated":true}]}}