{"id":16703,"date":"2024-04-05T16:50:17","date_gmt":"2024-04-05T19:50:17","guid":{"rendered":"https:\/\/ufpr.br\/capa-lanca-edital-para-bolsista-de-doutorado-em-letras"},"modified":"2025-12-02T10:12:48","modified_gmt":"2025-12-02T13:12:48","slug":"capa-lanca-edital-para-bolsista-de-doutorado-em-letras","status":"publish","type":"post","link":"https:\/\/ufpr.br\/propg\/capa-lanca-edital-para-bolsista-de-doutorado-em-letras\/","title":{"rendered":"CAPA lan\u00e7a edital para bolsista de doutorado em Letras"},"content":{"rendered":"\n<div class=\"wp-block-columns is-layout-flex wp-container-core-columns-is-layout-9d6595d7 wp-block-columns-is-layout-flex\">\n<div class=\"wp-block-column is-layout-flow wp-block-column-is-layout-flow\" style=\"flex-basis:33.33%\">\n<figure class=\"wp-block-image size-large\"><img decoding=\"async\" src=\"https:\/\/ufpr.br\/propg\/wp-content\/uploads\/2024\/04\/divulgacao-da-bolsa-de-doutorado-1024x1024.png\" alt=\"\" class=\"wp-image-38888\"\/><\/figure>\n<\/div>\n\n\n\n<div class=\"wp-block-column is-layout-flow wp-block-column-is-layout-flow\" style=\"flex-basis:66.66%\">\n<p><strong>EDITAL PARA SELE\u00c7\u00c3O DE BOLSISTA DE DOUTORADO<\/strong><\/p>\n\n\n\n<p>O CAPA \u2013 Centro de Assessoria de Publica\u00e7\u00e3o Acad\u00eamica da UFPR lan\u00e7ou edital para contrata\u00e7\u00e3o de um\/uma bolsista de doutorado em P\u00f3s-Gradua\u00e7\u00e3o em Letras da UFPR.<\/p>\n\n\n\n<p>As inscri\u00e7\u00f5es se encerram dia 15 de abril. <a href=\"https:\/\/ufpr.br\/propg\/wp-content\/uploads\/2025\/10\/edital_de_abertura_de_processo_seletivo_para_bolsista_capa.pdf\" target=\"_blank\" rel=\"noreferrer noopener\">Clique aqui<\/a>&nbsp;para acessar o edital.<\/p>\n<\/div>\n<\/div>\n\n\n\n<p><span style=\"color: #000000; font-size: small; font-family: Rubik;\"><\/span><\/p>\n","protected":false},"excerpt":{"rendered":"<p>EDITAL PARA SELE\u00c7\u00c3O DE BOLSISTA DE DOUTORADO O CAPA \u2013 Centro de Assessoria de Publica\u00e7\u00e3o Acad\u00eamica da UFPR lan\u00e7ou edital para contrata\u00e7\u00e3o de um\/uma bolsista de doutorado em P\u00f3s-Gradua\u00e7\u00e3o em Letras da UFPR. As inscri\u00e7\u00f5es se encerram dia 15 de abril. Clique aqui&nbsp;para acessar o edital.<\/p>\n","protected":false},"author":27,"featured_media":0,"comment_status":"open","ping_status":"open","sticky":false,"template":"","format":"standard","meta":{"footnotes":""},"categories":[386],"tags":[],"class_list":["post-16703","post","type-post","status-publish","format-standard","hentry","category-mestrado-e-doutorado"],"_links":{"self":[{"href":"https:\/\/ufpr.br\/propg\/wp-json\/wp\/v2\/posts\/16703","targetHints":{"allow":["GET"]}}],"collection":[{"href":"https:\/\/ufpr.br\/propg\/wp-json\/wp\/v2\/posts"}],"about":[{"href":"https:\/\/ufpr.br\/propg\/wp-json\/wp\/v2\/types\/post"}],"author":[{"embeddable":true,"href":"https:\/\/ufpr.br\/propg\/wp-json\/wp\/v2\/users\/27"}],"replies":[{"embeddable":true,"href":"https:\/\/ufpr.br\/propg\/wp-json\/wp\/v2\/comments?post=16703"}],"version-history":[{"count":6,"href":"https:\/\/ufpr.br\/propg\/wp-json\/wp\/v2\/posts\/16703\/revisions"}],"predecessor-version":[{"id":19303,"href":"https:\/\/ufpr.br\/propg\/wp-json\/wp\/v2\/posts\/16703\/revisions\/19303"}],"wp:attachment":[{"href":"https:\/\/ufpr.br\/propg\/wp-json\/wp\/v2\/media?parent=16703"}],"wp:term":[{"taxonomy":"category","embeddable":true,"href":"https:\/\/ufpr.br\/propg\/wp-json\/wp\/v2\/categories?post=16703"},{"taxonomy":"post_tag","embeddable":true,"href":"https:\/\/ufpr.br\/propg\/wp-json\/wp\/v2\/tags?post=16703"}],"curies":[{"name":"wp","href":"https:\/\/api.w.org\/{rel}","templated":true}]}}