{"id":16702,"date":"2024-04-05T08:51:22","date_gmt":"2024-04-05T11:51:22","guid":{"rendered":"https:\/\/ufpr.br\/coleta-capesprazo-para-envio-dos-dados-prorrogado-para-ate-26-04-24-portaria-96-2024"},"modified":"2025-12-02T10:12:55","modified_gmt":"2025-12-02T13:12:55","slug":"coleta-capesprazo-para-envio-dos-dados-prorrogado-para-ate-26-04-24-portaria-96-2024","status":"publish","type":"post","link":"https:\/\/ufpr.br\/propg\/coleta-capesprazo-para-envio-dos-dados-prorrogado-para-ate-26-04-24-portaria-96-2024\/","title":{"rendered":"[Coleta Capes]Prazo para envio dos dados prorrogado para at\u00e9 26\/04\/24 &#8211; Portaria 96\/2024"},"content":{"rendered":"\n<p>Prezadas coordena\u00e7\u00f5es e secretarias,<\/p>\n\n\n\n<p>A Capes publicou a\u00a0<a href=\"https:\/\/www.in.gov.br\/web\/dou\/-\/portaria-capes-n-96-de-4-de-abril-de-2024-552219189\" target=\"_blank\" rel=\"noreferrer noopener\">Portaria 96\/2024<\/a>\u00a0prorrogando os prazos do coleta capes:<\/p>\n\n\n\n<p><em>Art. 3\u00ba O preenchimento do Coleta do ano base 2023 seguir\u00e1 os prazos definidos na tabela abaixo<\/em>.<\/p>\n\n\n\n<div style=\"height:50px\" aria-hidden=\"true\" class=\"wp-block-spacer\"><\/div>\n\n\n\n<figure class=\"wp-block-table is-style-stripes\"><table class=\"has-fixed-layout\"><thead><tr><th>Atividade<\/th><th>Descri\u00e7\u00e3o da atividade<\/th><th>Data<\/th><\/tr><\/thead><tbody><tr><td>Preenchimento<\/td><td>Preenchimento e chancela dos dados pelo coordenador do programa de p\u00f3s-gradua\u00e7\u00e3o.<\/td><td><mark style=\"background-color:rgba(0, 0, 0, 0)\" class=\"has-inline-color has-vivid-red-color\"><strong>At\u00e9 26\/04\/2024<\/strong><\/mark><\/td><\/tr><tr><td>Homologa\u00e7\u00e3o<\/td><td>Homologa\u00e7\u00e3o dos dados pela Pr\u00f3-Reitoria ou equivalente.<\/td><td>At\u00e9 03\/05\/2024<\/td><\/tr><\/tbody><\/table><\/figure>\n\n\n\n<div style=\"height:25px\" aria-hidden=\"true\" class=\"wp-block-spacer\"><\/div>\n\n\n\n<p>Para informa\u00e7\u00f5es adicionais sobre o Coleta Capes acesse:\u00a0<a href=\"https:\/\/ufpr.br\/propg\/cpgss\/coleta-capes\/\" target=\"_blank\" rel=\"noreferrer noopener\">https:\/\/ufpr.br\/propg\/cpgss\/coleta-capes\/<\/a><\/p>\n\n\n\n<div style=\"height:50px\" aria-hidden=\"true\" class=\"wp-block-spacer\"><\/div>\n\n\n\n<p>Atenciosamente,<\/p>\n\n\n\n<p><strong>Coordenadoria dos Programas de P\u00f3s-gradua\u00e7\u00e3o Stricto Sensu\u00a0(CPGSS)<\/strong><br><strong>Pr\u00f3-reitoria de Pesquisa e P\u00f3s-gradua\u00e7\u00e3o (PRPPG)<\/strong><br><strong>Universidade Federal do Paran\u00e1<\/strong><\/p>\n\n\n\n<p>&nbsp;<\/p>\n","protected":false},"excerpt":{"rendered":"<p>Prezadas coordena\u00e7\u00f5es e secretarias, A Capes publicou a\u00a0Portaria 96\/2024\u00a0prorrogando os prazos do coleta capes: Art. 3\u00ba O preenchimento do Coleta do ano base 2023 seguir\u00e1 os prazos definidos na tabela abaixo. Atividade Descri\u00e7\u00e3o da atividade Data Preenchimento Preenchimento e chancela dos dados pelo coordenador do programa de p\u00f3s-gradua\u00e7\u00e3o. At\u00e9 26\/04\/2024 Homologa\u00e7\u00e3o Homologa\u00e7\u00e3o dos dados pela [&hellip;]<\/p>\n","protected":false},"author":18,"featured_media":0,"comment_status":"open","ping_status":"open","sticky":false,"template":"","format":"standard","meta":{"footnotes":""},"categories":[386],"tags":[],"class_list":["post-16702","post","type-post","status-publish","format-standard","hentry","category-mestrado-e-doutorado"],"_links":{"self":[{"href":"https:\/\/ufpr.br\/propg\/wp-json\/wp\/v2\/posts\/16702","targetHints":{"allow":["GET"]}}],"collection":[{"href":"https:\/\/ufpr.br\/propg\/wp-json\/wp\/v2\/posts"}],"about":[{"href":"https:\/\/ufpr.br\/propg\/wp-json\/wp\/v2\/types\/post"}],"author":[{"embeddable":true,"href":"https:\/\/ufpr.br\/propg\/wp-json\/wp\/v2\/users\/18"}],"replies":[{"embeddable":true,"href":"https:\/\/ufpr.br\/propg\/wp-json\/wp\/v2\/comments?post=16702"}],"version-history":[{"count":7,"href":"https:\/\/ufpr.br\/propg\/wp-json\/wp\/v2\/posts\/16702\/revisions"}],"predecessor-version":[{"id":19304,"href":"https:\/\/ufpr.br\/propg\/wp-json\/wp\/v2\/posts\/16702\/revisions\/19304"}],"wp:attachment":[{"href":"https:\/\/ufpr.br\/propg\/wp-json\/wp\/v2\/media?parent=16702"}],"wp:term":[{"taxonomy":"category","embeddable":true,"href":"https:\/\/ufpr.br\/propg\/wp-json\/wp\/v2\/categories?post=16702"},{"taxonomy":"post_tag","embeddable":true,"href":"https:\/\/ufpr.br\/propg\/wp-json\/wp\/v2\/tags?post=16702"}],"curies":[{"name":"wp","href":"https:\/\/api.w.org\/{rel}","templated":true}]}}