{"id":16701,"date":"2024-04-01T14:58:56","date_gmt":"2024-04-01T17:58:56","guid":{"rendered":"https:\/\/ufpr.br\/edital-prppg-sba-no-03-2024-pdse-programa-doutorado-sanduiche-no-exterior-capes"},"modified":"2025-12-02T10:13:17","modified_gmt":"2025-12-02T13:13:17","slug":"edital-prppg-sba-no-03-2024-pdse-programa-doutorado-sanduiche-no-exterior-capes","status":"publish","type":"post","link":"https:\/\/ufpr.br\/propg\/edital-prppg-sba-no-03-2024-pdse-programa-doutorado-sanduiche-no-exterior-capes\/","title":{"rendered":"Edital PRPPG\/SBA n\u00ba 03\/2024 &#8211; PDSE \u2013 Programa Doutorado Sandu\u00edche no Exterior \u2013 CAPES"},"content":{"rendered":"\n<figure class=\"wp-block-embed is-type-wp-embed is-provider-pr-reitoria-de-p-s-gradua-o wp-block-embed-pr-reitoria-de-p-s-gradua-o\"><div class=\"wp-block-embed__wrapper\">\n<blockquote class=\"wp-embedded-content\" data-secret=\"NENeWbNDD7\"><a href=\"https:\/\/ufpr.br\/propg\/siprop\/editais-e-oportunidades\/edital-prppg-sba-no-03-2024-pdse\/\">Edital PRPPG\/SBA n\u00ba 03\/2024 \u2013 PDSE<\/a><\/blockquote><iframe loading=\"lazy\" class=\"wp-embedded-content\" sandbox=\"allow-scripts\" security=\"restricted\" style=\"position: absolute; visibility: hidden;\" title=\"&#8220;Edital PRPPG\/SBA n\u00ba 03\/2024 \u2013 PDSE&#8221; &#8212; Pr\u00f3-Reitoria de P\u00f3s-Gradua\u00e7\u00e3o\" src=\"https:\/\/ufpr.br\/propg\/siprop\/editais-e-oportunidades\/edital-prppg-sba-no-03-2024-pdse\/embed\/#?secret=LJLeBZvXib#?secret=NENeWbNDD7\" data-secret=\"NENeWbNDD7\" width=\"500\" height=\"282\" frameborder=\"0\" marginwidth=\"0\" marginheight=\"0\" scrolling=\"no\"><\/iframe>\n<\/div><\/figure>\n","protected":false},"excerpt":{"rendered":"","protected":false},"author":18,"featured_media":0,"comment_status":"open","ping_status":"open","sticky":false,"template":"","format":"standard","meta":{"footnotes":""},"categories":[381,385,386],"tags":[],"class_list":["post-16701","post","type-post","status-publish","format-standard","hentry","category-editais-e-processos-seletivos","category-internacionalizacao","category-mestrado-e-doutorado"],"_links":{"self":[{"href":"https:\/\/ufpr.br\/propg\/wp-json\/wp\/v2\/posts\/16701","targetHints":{"allow":["GET"]}}],"collection":[{"href":"https:\/\/ufpr.br\/propg\/wp-json\/wp\/v2\/posts"}],"about":[{"href":"https:\/\/ufpr.br\/propg\/wp-json\/wp\/v2\/types\/post"}],"author":[{"embeddable":true,"href":"https:\/\/ufpr.br\/propg\/wp-json\/wp\/v2\/users\/18"}],"replies":[{"embeddable":true,"href":"https:\/\/ufpr.br\/propg\/wp-json\/wp\/v2\/comments?post=16701"}],"version-history":[{"count":3,"href":"https:\/\/ufpr.br\/propg\/wp-json\/wp\/v2\/posts\/16701\/revisions"}],"predecessor-version":[{"id":19308,"href":"https:\/\/ufpr.br\/propg\/wp-json\/wp\/v2\/posts\/16701\/revisions\/19308"}],"wp:attachment":[{"href":"https:\/\/ufpr.br\/propg\/wp-json\/wp\/v2\/media?parent=16701"}],"wp:term":[{"taxonomy":"category","embeddable":true,"href":"https:\/\/ufpr.br\/propg\/wp-json\/wp\/v2\/categories?post=16701"},{"taxonomy":"post_tag","embeddable":true,"href":"https:\/\/ufpr.br\/propg\/wp-json\/wp\/v2\/tags?post=16701"}],"curies":[{"name":"wp","href":"https:\/\/api.w.org\/{rel}","templated":true}]}}