{"id":16698,"date":"2024-03-26T17:19:13","date_gmt":"2024-03-26T20:19:13","guid":{"rendered":"https:\/\/ufpr.br\/edital-02-2024-prppg-ict-proximas-etapas"},"modified":"2025-12-02T10:10:41","modified_gmt":"2025-12-02T13:10:41","slug":"edital-02-2024-prppg-ict-proximas-etapas","status":"publish","type":"post","link":"https:\/\/ufpr.br\/propg\/edital-02-2024-prppg-ict-proximas-etapas\/","title":{"rendered":"Edital 02\/2024 PRPPG\/ICT: Pr\u00f3ximas etapas"},"content":{"rendered":"\n<p>A Coordenadoria do Programa de Inicia\u00e7\u00e3o Cient\u00edfica e Tecnol\u00f3gica da Universidade Federal do Paran\u00e1 informa que 942 professoras e professores da UFPR realizaram inscri\u00e7\u00f5es para o Edital 02\/2024 PRPPG\/ICT, sendo que no total foram submetidos 1154 planos de trabalho. A publica\u00e7\u00e3o das inscri\u00e7\u00f5es homologadas ocorrer\u00e1 no dia 16\/04\/2024.<\/p>\n\n\n\n<p>Solicitamos que as professoras e os professores inscritos fiquem atentos \u00e0s demais etapas desse Edital e seus respectivos prazos, incluindo as fases recursais, acessando a p\u00e1gina <a href=\"https:\/\/ufpr.br\/propg\/ict\/editais-pibic-pibiti\/\" target=\"_blank\" rel=\"noreferrer noopener\">https:\/\/ufpr.br\/propg\/ict\/editais-pibic-pibiti\/<\/a> e o Calend\u00e1rio de Atividades \u2013 Edital 2024 em <a href=\"https:\/\/ufpr.br\/propg\/ict\/calendario-de-atividades\/\" target=\"_blank\" rel=\"noreferrer noopener\">https:\/\/ufpr.br\/propg\/ict\/calendario-de-atividades\/<\/a><\/p>\n","protected":false},"excerpt":{"rendered":"<p>A Coordenadoria do Programa de Inicia\u00e7\u00e3o Cient\u00edfica e Tecnol\u00f3gica da Universidade Federal do Paran\u00e1 informa que 942 professoras e professores da UFPR realizaram inscri\u00e7\u00f5es para o Edital 02\/2024 PRPPG\/ICT, sendo que no total foram submetidos 1154 planos de trabalho. A publica\u00e7\u00e3o das inscri\u00e7\u00f5es homologadas ocorrer\u00e1 no dia 16\/04\/2024. Solicitamos que as professoras e os professores [&hellip;]<\/p>\n","protected":false},"author":17,"featured_media":0,"comment_status":"open","ping_status":"open","sticky":false,"template":"","format":"standard","meta":{"footnotes":""},"categories":[381,384],"tags":[],"class_list":["post-16698","post","type-post","status-publish","format-standard","hentry","category-editais-e-processos-seletivos","category-iniciacao-cientifica-e-tecnologica"],"_links":{"self":[{"href":"https:\/\/ufpr.br\/propg\/wp-json\/wp\/v2\/posts\/16698","targetHints":{"allow":["GET"]}}],"collection":[{"href":"https:\/\/ufpr.br\/propg\/wp-json\/wp\/v2\/posts"}],"about":[{"href":"https:\/\/ufpr.br\/propg\/wp-json\/wp\/v2\/types\/post"}],"author":[{"embeddable":true,"href":"https:\/\/ufpr.br\/propg\/wp-json\/wp\/v2\/users\/17"}],"replies":[{"embeddable":true,"href":"https:\/\/ufpr.br\/propg\/wp-json\/wp\/v2\/comments?post=16698"}],"version-history":[{"count":3,"href":"https:\/\/ufpr.br\/propg\/wp-json\/wp\/v2\/posts\/16698\/revisions"}],"predecessor-version":[{"id":19287,"href":"https:\/\/ufpr.br\/propg\/wp-json\/wp\/v2\/posts\/16698\/revisions\/19287"}],"wp:attachment":[{"href":"https:\/\/ufpr.br\/propg\/wp-json\/wp\/v2\/media?parent=16698"}],"wp:term":[{"taxonomy":"category","embeddable":true,"href":"https:\/\/ufpr.br\/propg\/wp-json\/wp\/v2\/categories?post=16698"},{"taxonomy":"post_tag","embeddable":true,"href":"https:\/\/ufpr.br\/propg\/wp-json\/wp\/v2\/tags?post=16698"}],"curies":[{"name":"wp","href":"https:\/\/api.w.org\/{rel}","templated":true}]}}