{"id":16654,"date":"2024-02-28T16:01:23","date_gmt":"2024-02-28T19:01:23","guid":{"rendered":"https:\/\/ufpr.br\/convite-para-lancamento-do-livro-da-profa-ana-paula-ppg-historia"},"modified":"2025-12-02T10:09:03","modified_gmt":"2025-12-02T13:09:03","slug":"convite-para-lancamento-do-livro-da-profa-ana-paula-ppg-historia","status":"publish","type":"post","link":"https:\/\/ufpr.br\/propg\/convite-para-lancamento-do-livro-da-profa-ana-paula-ppg-historia\/","title":{"rendered":"[Convite] Lan\u00e7amento do livro da Profa. Ana Paula Vosne (PPG Hist\u00f3ria)"},"content":{"rendered":"\n<div class=\"wp-block-columns is-layout-flex wp-container-core-columns-is-layout-9d6595d7 wp-block-columns-is-layout-flex\">\n<div class=\"wp-block-column is-layout-flow wp-block-column-is-layout-flow\" style=\"flex-basis:33.33%\">\n<figure class=\"wp-block-image size-large\"><a href=\"https:\/\/www.prppg.ufpr.br\/site\/ppghis\/pb\/2024\/02\/28\/o-programa-de-pos-graduacao-em-historia-da-universidade-federal-do-parana-divulga-e-convida-para-o-lancamento-dollivro-da-professora-doutora-ana-paula-vosne-martins-martins-docente-do-ppghis-faces-f\/\" target=\"_blank\" rel=\" noreferrer noopener\"><img decoding=\"async\" src=\"https:\/\/ufpr.br\/propg\/wp-content\/uploads\/2024\/02\/convite-lancamento-do-livro-da-profa-ana-paula--1024x1024.jpg\" alt=\"\" class=\"wp-image-37723\"\/><\/a><\/figure>\n<\/div>\n\n\n\n<div class=\"wp-block-column is-layout-flow wp-block-column-is-layout-flow\" style=\"flex-basis:66.66%\">\n<p>\u00c9 com muita satisfa\u00e7\u00e3o que o Programa da P\u00f3s-Gradua\u00e7\u00e3o em Hist\u00f3ria da UFPR, divulga e convida todos e todas para o<strong>&nbsp;lan\u00e7amento do livro da Profa. Ana Paula Vosne Martins: &#8220;Faces Femininas do Conservadorismo: Filantropas e Feministas Brasileiras no Come\u00e7o do S\u00e9culo XX&#8221;<\/strong>.<\/p>\n\n\n\n<p>O evento ser\u00e1&nbsp;<strong>realizado no dia 13 de mar\u00e7o de 2024, \u00e0s 19 horas(quarta), na Livraria Vertov&nbsp;<\/strong>(R. Visc. do Rio Branco, 835 &#8211; 2\u00ba andar &#8211; Merc\u00eas, Curitiba).<\/p>\n\n\n\n<p>Maiores informa\u00e7\u00f5es no\u00a0<a href=\"https:\/\/www.prppg.ufpr.br\/site\/ppghis\/pb\/2024\/02\/28\/o-programa-de-pos-graduacao-em-historia-da-universidade-federal-do-parana-divulga-e-convida-para-o-lancamento-dollivro-da-professora-doutora-ana-paula-vosne-martins-martins-docente-do-ppghis-faces-f\/\" target=\"_blank\" rel=\"noreferrer noopener\">site do PPG Hist\u00f3ria<\/a>.<\/p>\n<\/div>\n<\/div>\n\n\n\n<p>&nbsp;<\/p>\n","protected":false},"excerpt":{"rendered":"<p>\u00c9 com muita satisfa\u00e7\u00e3o que o Programa da P\u00f3s-Gradua\u00e7\u00e3o em Hist\u00f3ria da UFPR, divulga e convida todos e todas para o&nbsp;lan\u00e7amento do livro da Profa. Ana Paula Vosne Martins: &#8220;Faces Femininas do Conservadorismo: Filantropas e Feministas Brasileiras no Come\u00e7o do S\u00e9culo XX&#8221;. O evento ser\u00e1&nbsp;realizado no dia 13 de mar\u00e7o de 2024, \u00e0s 19 horas(quarta), [&hellip;]<\/p>\n","protected":false},"author":18,"featured_media":0,"comment_status":"open","ping_status":"open","sticky":false,"template":"","format":"standard","meta":{"footnotes":""},"categories":[386],"tags":[],"class_list":["post-16654","post","type-post","status-publish","format-standard","hentry","category-mestrado-e-doutorado"],"_links":{"self":[{"href":"https:\/\/ufpr.br\/propg\/wp-json\/wp\/v2\/posts\/16654","targetHints":{"allow":["GET"]}}],"collection":[{"href":"https:\/\/ufpr.br\/propg\/wp-json\/wp\/v2\/posts"}],"about":[{"href":"https:\/\/ufpr.br\/propg\/wp-json\/wp\/v2\/types\/post"}],"author":[{"embeddable":true,"href":"https:\/\/ufpr.br\/propg\/wp-json\/wp\/v2\/users\/18"}],"replies":[{"embeddable":true,"href":"https:\/\/ufpr.br\/propg\/wp-json\/wp\/v2\/comments?post=16654"}],"version-history":[{"count":6,"href":"https:\/\/ufpr.br\/propg\/wp-json\/wp\/v2\/posts\/16654\/revisions"}],"predecessor-version":[{"id":19280,"href":"https:\/\/ufpr.br\/propg\/wp-json\/wp\/v2\/posts\/16654\/revisions\/19280"}],"wp:attachment":[{"href":"https:\/\/ufpr.br\/propg\/wp-json\/wp\/v2\/media?parent=16654"}],"wp:term":[{"taxonomy":"category","embeddable":true,"href":"https:\/\/ufpr.br\/propg\/wp-json\/wp\/v2\/categories?post=16654"},{"taxonomy":"post_tag","embeddable":true,"href":"https:\/\/ufpr.br\/propg\/wp-json\/wp\/v2\/tags?post=16654"}],"curies":[{"name":"wp","href":"https:\/\/api.w.org\/{rel}","templated":true}]}}