{"id":16623,"date":"2024-02-23T10:22:08","date_gmt":"2024-02-23T13:22:08","guid":{"rendered":"https:\/\/ufpr.br\/capes-promove-curso-sobre-o-coleta"},"modified":"2025-12-02T10:09:25","modified_gmt":"2025-12-02T13:09:25","slug":"capes-promove-curso-sobre-o-coleta","status":"publish","type":"post","link":"https:\/\/ufpr.br\/propg\/capes-promove-curso-sobre-o-coleta\/","title":{"rendered":"CAPES promove curso sobre o Coleta"},"content":{"rendered":"\n<div class=\"wp-block-columns is-layout-flex wp-container-core-columns-is-layout-9d6595d7 wp-block-columns-is-layout-flex\">\n<div class=\"wp-block-column is-layout-flow wp-block-column-is-layout-flow\" style=\"flex-basis:33.33%\">\n<figure class=\"wp-block-image size-large\"><img decoding=\"async\" src=\"https:\/\/ufpr.br\/propg\/wp-content\/uploads\/2024\/02\/whatsapp-image-2024-02-23-at-08-48-12-1024x1017.jpeg\" alt=\"\" class=\"wp-image-37687\"\/><\/figure>\n<\/div>\n\n\n\n<div class=\"wp-block-column is-layout-flow wp-block-column-is-layout-flow\" style=\"flex-basis:66.66%\">\n<p>Ser\u00e3o tr\u00eas aulas de uma hora e meia, nos dias 26\/2, 5 e 11\/3, sobre os m\u00f3dulos Programa, Pessoas e Produ\u00e7\u00f5es Acad\u00eamicas<\/p>\n\n\n\n<p>CAPES vai promover um curso para orientar os usu\u00e1rios da\u00a0<a href=\"https:\/\/sucupira.capes.gov.br\/sucupira\/\" target=\"_blank\" rel=\"noreferrer noopener\">Plataforma Sucupira<\/a>\u00a0sobre o preenchimento da coleta de dados dos programas de p\u00f3s-gradua\u00e7\u00e3o. Ser\u00e3o tr\u00eas aulas de uma hora e meia, uma para cada m\u00f3dulo do Portal Coleta: Programa, na pr\u00f3xima segunda-feira, 26 de fevereiro, Pessoas, em 5 de mar\u00e7o, e Produ\u00e7\u00f5es Acad\u00eamicas, no pr\u00f3ximo dia 11.<\/p>\n\n\n\n<p>O curso \u00e9 voltado para quem tem acesso ao Portal Coleta, ou seja, coordenadores de programas de p\u00f3s-gradua\u00e7\u00e3o e pessoal de apoio ao preenchimento. O conte\u00fado ser\u00e1 ministrado pelo Microsoft Teams, com intera\u00e7\u00e3o entre participantes e instrutores. N\u00e3o h\u00e1 necessidade de inscri\u00e7\u00e3o, \u00e9 s\u00f3 entrar na\u00a0<a href=\"https:\/\/teams.microsoft.com\/l\/meetup-join\/19%3ameeting_MTY4NTUwYTEtZjA4Yi00MjcxLWE4Y2UtYjc4OWU1NWZiMTJl%40thread.v2\/0?context=%7b%22Tid%22%3a%222f4debb8-643a-4dbe-927b-9e562ef700b9%22%2c%22Oid%22%3a%22c8b06d5c-e1fc-4780-b097-edcb2af5cfc2%22%7d\" target=\"_blank\" rel=\"noreferrer noopener\">sala<\/a>\u00a0entre 14h e 14h40. As aulas ser\u00e3o dadas das 14h30 \u00e0s 16h.<\/p>\n\n\n\n<p>Leia mais informa\u00e7\u00f5es <a href=\"https:\/\/www.gov.br\/capes\/pt-br\/assuntos\/noticias\/capes-promove-curso-sobre-o-coleta\" target=\"_blank\" rel=\"noreferrer noopener\">aqui<\/a><\/p>\n<\/div>\n<\/div>\n","protected":false},"excerpt":{"rendered":"<p>Ser\u00e3o tr\u00eas aulas de uma hora e meia, nos dias 26\/2, 5 e 11\/3, sobre os m\u00f3dulos Programa, Pessoas e Produ\u00e7\u00f5es Acad\u00eamicas CAPES vai promover um curso para orientar os usu\u00e1rios da\u00a0Plataforma Sucupira\u00a0sobre o preenchimento da coleta de dados dos programas de p\u00f3s-gradua\u00e7\u00e3o. Ser\u00e3o tr\u00eas aulas de uma hora e meia, uma para cada m\u00f3dulo [&hellip;]<\/p>\n","protected":false},"author":18,"featured_media":0,"comment_status":"open","ping_status":"open","sticky":false,"template":"","format":"standard","meta":{"footnotes":""},"categories":[386],"tags":[],"class_list":["post-16623","post","type-post","status-publish","format-standard","hentry","category-mestrado-e-doutorado"],"_links":{"self":[{"href":"https:\/\/ufpr.br\/propg\/wp-json\/wp\/v2\/posts\/16623","targetHints":{"allow":["GET"]}}],"collection":[{"href":"https:\/\/ufpr.br\/propg\/wp-json\/wp\/v2\/posts"}],"about":[{"href":"https:\/\/ufpr.br\/propg\/wp-json\/wp\/v2\/types\/post"}],"author":[{"embeddable":true,"href":"https:\/\/ufpr.br\/propg\/wp-json\/wp\/v2\/users\/18"}],"replies":[{"embeddable":true,"href":"https:\/\/ufpr.br\/propg\/wp-json\/wp\/v2\/comments?post=16623"}],"version-history":[{"count":3,"href":"https:\/\/ufpr.br\/propg\/wp-json\/wp\/v2\/posts\/16623\/revisions"}],"predecessor-version":[{"id":19285,"href":"https:\/\/ufpr.br\/propg\/wp-json\/wp\/v2\/posts\/16623\/revisions\/19285"}],"wp:attachment":[{"href":"https:\/\/ufpr.br\/propg\/wp-json\/wp\/v2\/media?parent=16623"}],"wp:term":[{"taxonomy":"category","embeddable":true,"href":"https:\/\/ufpr.br\/propg\/wp-json\/wp\/v2\/categories?post=16623"},{"taxonomy":"post_tag","embeddable":true,"href":"https:\/\/ufpr.br\/propg\/wp-json\/wp\/v2\/tags?post=16623"}],"curies":[{"name":"wp","href":"https:\/\/api.w.org\/{rel}","templated":true}]}}